{"id":247666,"date":"2021-12-25T12:25:43","date_gmt":"2021-12-25T10:25:43","guid":{"rendered":"http:\/\/107.6.182.27\/tr\/?p=247666"},"modified":"2021-12-29T08:15:10","modified_gmt":"2021-12-29T06:15:10","slug":"isgalci-turk-kuvetlerinin-kiraliklari-afrinde-bazi-vatandaslari-kacirdi","status":"publish","type":"post","link":"https:\/\/archive.sana.sy\/tr\/?p=247666","title":{"rendered":"\u0130\u015fgalci T\u00fcrk Kuvetlerinin Kiral\u0131klar\u0131 Afrin&#8217;de Baz\u0131 Vatanda\u015flar\u0131 Ka\u00e7\u0131rd\u0131"},"content":{"rendered":"<p style=\"text-align: justify;\">HALEP \u2013 \u0130\u015fgalci T\u00fcrkiye&#8217;nin ter\u00f6rist \u00f6rg\u00fctlerinden kiral\u0131klar\u0131, Halep&#8217;in kuzey k\u0131rsal\u0131nda halka y\u00f6nelik su\u00e7 eylemlerini s\u00fcrd\u00fcr\u00fcrken, Afrin b\u00f6lgesindeki vatanda\u015flara y\u00f6nelik bask\u0131n ve adam ka\u00e7\u0131rma operasyonlar\u0131n\u0131 s\u00fcrd\u00fcrd\u00fc.<\/p>\n<p style=\"text-align: justify;\">Yerel kaynaklar SANA&#8217;ya verdi\u011fi deme\u00e7te, halka bask\u0131 yapmak ve onlar\u0131 evlerini terk etmeye zorlamak i\u00e7in s\u00fcrekli ter\u00f6r uygulamalar\u0131 ba\u011flam\u0131nda, s\u00f6zde (El \u015eam Kolordusu) ter\u00f6rist gruplar\u0131n\u0131n Halep&#8217;in kuzey k\u0131rsal\u0131ndaki Afrin b\u00f6lgesinde Rajo nahiyesine tabi Baniraka k\u00f6y\u00fcnde baz\u0131 evlere bask\u0131n d\u00fczenledi\u011fini s\u00f6yledi..<\/p>\n<p style=\"text-align: justify;\">Kaynaklar, bask\u0131n s\u0131ras\u0131nda ter\u00f6ristlerin \u00e7ok say\u0131da vatanda\u015f\u0131 ka\u00e7\u0131r\u0131p karargahlar\u0131ndan birine g\u00f6t\u00fcrmeden \u00f6nce T\u00fcrk i\u015fgaline ba\u011fl\u0131 \u00e7etelerin halk\u0131 korkutmak i\u00e7in ate\u015f a\u00e7t\u0131\u011f\u0131na dikkat \u00e7ekti.<\/p>\n","protected":false},"excerpt":{"rendered":"<p>HALEP \u2013 \u0130\u015fgalci T\u00fcrkiye&#8217;nin ter\u00f6rist \u00f6rg\u00fctlerinden kiral\u0131klar\u0131, Halep&#8217;in kuzey k\u0131rsal\u0131nda halka y\u00f6nelik su\u00e7 eylemlerini s\u00fcrd\u00fcr\u00fcrken, Afrin b\u00f6lgesindeki vatanda\u015flara y\u00f6nelik bask\u0131n ve adam ka\u00e7\u0131rma operasyonlar\u0131n\u0131 s\u00fcrd\u00fcrd\u00fc. Yerel kaynaklar SANA&#8217;ya verdi\u011fi deme\u00e7te, halka bask\u0131 yapmak ve onlar\u0131 evlerini terk etmeye zorlamak i\u00e7in s\u00fcrekli ter\u00f6r uygulamalar\u0131 ba\u011flam\u0131nda, s\u00f6zde (El \u015eam Kolordusu) ter\u00f6rist gruplar\u0131n\u0131n Halep&#8217;in kuzey k\u0131rsal\u0131ndaki Afrin b\u00f6lgesinde &hellip;<\/p>\n","protected":false},"author":1,"featured_media":247667,"comment_status":"closed","ping_status":"closed","sticky":false,"template":"","format":"standard","meta":{"footnotes":""},"categories":[479,575,17988,2554,2555,478],"tags":[],"class_list":["post-247666","post","type-post","status-publish","format-standard","has-post-thumbnail","","category-haberler-yerel","category-olaylar-ve-gercekler","category-son-haberler","category-suriye-ve-dunya","category-suriye-ve-turkiye","category-yerel"],"_links":{"self":[{"href":"https:\/\/archive.sana.sy\/tr\/index.php?rest_route=\/wp\/v2\/posts\/247666","targetHints":{"allow":["GET"]}}],"collection":[{"href":"https:\/\/archive.sana.sy\/tr\/index.php?rest_route=\/wp\/v2\/posts"}],"about":[{"href":"https:\/\/archive.sana.sy\/tr\/index.php?rest_route=\/wp\/v2\/types\/post"}],"author":[{"embeddable":true,"href":"https:\/\/archive.sana.sy\/tr\/index.php?rest_route=\/wp\/v2\/users\/1"}],"replies":[{"embeddable":true,"href":"https:\/\/archive.sana.sy\/tr\/index.php?rest_route=%2Fwp%2Fv2%2Fcomments&post=247666"}],"version-history":[{"count":0,"href":"https:\/\/archive.sana.sy\/tr\/index.php?rest_route=\/wp\/v2\/posts\/247666\/revisions"}],"wp:featuredmedia":[{"embeddable":true,"href":"https:\/\/archive.sana.sy\/tr\/index.php?rest_route=\/wp\/v2\/media\/247667"}],"wp:attachment":[{"href":"https:\/\/archive.sana.sy\/tr\/index.php?rest_route=%2Fwp%2Fv2%2Fmedia&parent=247666"}],"wp:term":[{"taxonomy":"category","embeddable":true,"href":"https:\/\/archive.sana.sy\/tr\/index.php?rest_route=%2Fwp%2Fv2%2Fcategories&post=247666"},{"taxonomy":"post_tag","embeddable":true,"href":"https:\/\/archive.sana.sy\/tr\/index.php?rest_route=%2Fwp%2Fv2%2Ftags&post=247666"}],"curies":[{"name":"wp","href":"https:\/\/api.w.org\/{rel}","templated":true}]}}