{"id":247677,"date":"2021-12-25T13:38:42","date_gmt":"2021-12-25T11:38:42","guid":{"rendered":"http:\/\/107.6.182.27\/tr\/?p=247677"},"modified":"2021-12-26T11:52:00","modified_gmt":"2021-12-26T09:52:00","slug":"mubarek-noel-bayrami-vesilesiyle-ayinler-duzenlendi-dualar-yapildi","status":"publish","type":"post","link":"https:\/\/archive.sana.sy\/tr\/?p=247677","title":{"rendered":"M\u00fcbarek Noel Bayram\u0131 Vesilesiyle Ayinler D\u00fczenlendi Dualar Yap\u0131ld\u0131"},"content":{"rendered":"<p style=\"text-align: justify;\">\u015eAM &#8211; Bu sabah, sevgi ve bar\u0131\u015f Resul\u00fc Hz. \u0130sa (A.S)&#8217;\u0131n do\u011fumu g\u00f6rkemli Noel bayram\u0131nda \u00e7e\u015fitli illerdeki kiliselerde ve ibadethanelerde ayinler d\u00fczenlendi dualar edildi.<\/p>\n<p style=\"text-align: justify;\">\u015eam&#8217;daki &#8220;Aziz George Patrik Katedrali&#8221; Antakya ve T\u00fcm Do\u011fu S\u00fcryani Ortodoks Patrikhanesi&#8217;nde, S\u00fcryanilerin y\u00fcce ba\u015fkan\u0131, Antakya ve T\u00fcm D\u00fcnyada S\u00fcryani Ortodoks Kilisesi Patri\u011fi Patrik II. Efram ba\u015fkanl\u0131\u011f\u0131nda bir ayin d\u00fczenlendi.<\/p>\n<p style=\"text-align: justify;\">Patrik Efram&#8217;a ayininde Metropolitler, \u015eam Patrik Ba\u015fpiskoposlu\u011fu Patrik Vekili Mar Kyrollos Papi, Gen\u00e7lik ve H\u0131ristiyan E\u011fitimi Patrik Vekili Mar Anthimos Jack Yakub, Rahip \u0130\u015fleri ve Mar \u0130daresi Patrik Vekili Suriye \u0130lahiyat Fak\u00fcltesi Efram ve Patriklik Sekreteri Mar Yakup Papawi, Enformasyon Dairesi M\u00fcd\u00fcr\u00fc Mar Yusuf Bali, \u015eam Ermeni Ortodoks piskoposlar\u0131 ba\u015fkan\u0131 Ekselanslar\u0131 Ba\u015fpiskopos Arma\u015f Nalbandian yard\u0131mc\u0131 olurken, S\u00fcryani Patriklik Mar Efram korosunun da ayine kat\u0131l\u0131m\u0131yla ger\u00e7ekle\u015fti.<\/p>\n<p style=\"text-align: justify;\">Patrik II. Efram, sevgi ve bar\u0131\u015f El\u00e7isi&#8217;nin do\u011fumunun y\u00fcce anlamlar\u0131n\u0131 anlatt\u0131\u011f\u0131 bayram vaaz\u0131n\u0131 vererek, ter\u00f6re kar\u015f\u0131 direnen Suriye halk\u0131n\u0131n \u015fanl\u0131 Noel&#8217;ini kutlad\u0131.<\/p>\n<p style=\"text-align: justify;\">Patrik II. Efram, uluslararas\u0131 toplumu Suriye halk\u0131na y\u00f6nelik haks\u0131z ku\u015fatmay\u0131 durdurmak i\u00e7in bask\u0131 yaparak rol\u00fcn\u00fc yerine getirmeye \u00e7a\u011f\u0131rd\u0131 ve Suriye&#8217;nin yak\u0131n bir \u015fekilde rahatlamas\u0131n\u0131 ve t\u00fcm topraklar\u0131na g\u00fcvenlik ve istikrar\u0131n geri d\u00f6nmesini umdu\u011funu dile getirdi.<\/p>\n<p>&nbsp;<\/p>\n","protected":false},"excerpt":{"rendered":"<p>\u015eAM &#8211; Bu sabah, sevgi ve bar\u0131\u015f Resul\u00fc Hz. \u0130sa (A.S)&#8217;\u0131n do\u011fumu g\u00f6rkemli Noel bayram\u0131nda \u00e7e\u015fitli illerdeki kiliselerde ve ibadethanelerde ayinler d\u00fczenlendi dualar edildi. \u015eam&#8217;daki &#8220;Aziz George Patrik Katedrali&#8221; Antakya ve T\u00fcm Do\u011fu S\u00fcryani Ortodoks Patrikhanesi&#8217;nde, S\u00fcryanilerin y\u00fcce ba\u015fkan\u0131, Antakya ve T\u00fcm D\u00fcnyada S\u00fcryani Ortodoks Kilisesi Patri\u011fi Patrik II. Efram ba\u015fkanl\u0131\u011f\u0131nda bir ayin d\u00fczenlendi. Patrik &hellip;<\/p>\n","protected":false},"author":1,"featured_media":247678,"comment_status":"closed","ping_status":"closed","sticky":false,"template":"","format":"standard","meta":{"footnotes":""},"categories":[479,17988,478],"tags":[],"class_list":["post-247677","post","type-post","status-publish","format-standard","has-post-thumbnail","","category-haberler-yerel","category-son-haberler","category-yerel"],"_links":{"self":[{"href":"https:\/\/archive.sana.sy\/tr\/index.php?rest_route=\/wp\/v2\/posts\/247677","targetHints":{"allow":["GET"]}}],"collection":[{"href":"https:\/\/archive.sana.sy\/tr\/index.php?rest_route=\/wp\/v2\/posts"}],"about":[{"href":"https:\/\/archive.sana.sy\/tr\/index.php?rest_route=\/wp\/v2\/types\/post"}],"author":[{"embeddable":true,"href":"https:\/\/archive.sana.sy\/tr\/index.php?rest_route=\/wp\/v2\/users\/1"}],"replies":[{"embeddable":true,"href":"https:\/\/archive.sana.sy\/tr\/index.php?rest_route=%2Fwp%2Fv2%2Fcomments&post=247677"}],"version-history":[{"count":0,"href":"https:\/\/archive.sana.sy\/tr\/index.php?rest_route=\/wp\/v2\/posts\/247677\/revisions"}],"wp:featuredmedia":[{"embeddable":true,"href":"https:\/\/archive.sana.sy\/tr\/index.php?rest_route=\/wp\/v2\/media\/247678"}],"wp:attachment":[{"href":"https:\/\/archive.sana.sy\/tr\/index.php?rest_route=%2Fwp%2Fv2%2Fmedia&parent=247677"}],"wp:term":[{"taxonomy":"category","embeddable":true,"href":"https:\/\/archive.sana.sy\/tr\/index.php?rest_route=%2Fwp%2Fv2%2Fcategories&post=247677"},{"taxonomy":"post_tag","embeddable":true,"href":"https:\/\/archive.sana.sy\/tr\/index.php?rest_route=%2Fwp%2Fv2%2Ftags&post=247677"}],"curies":[{"name":"wp","href":"https:\/\/api.w.org\/{rel}","templated":true}]}}