{"id":247713,"date":"2021-12-26T11:42:24","date_gmt":"2021-12-26T09:42:24","guid":{"rendered":"http:\/\/107.6.182.27\/tr\/?p=247713"},"modified":"2021-12-29T08:15:29","modified_gmt":"2021-12-29T06:15:29","slug":"ordu-birliklerimizin-kontrol-noktasi-amerikan-isgal-guclerinin-konvoyunu-geri-cekilmeye-zorladi-2","status":"publish","type":"post","link":"https:\/\/archive.sana.sy\/tr\/?p=247713","title":{"rendered":"Ordu Birliklerimizin Kontrol Noktas\u0131 Amerikan \u0130\u015fgal G\u00fc\u00e7lerinin Konvoyunu Geri \u00c7ekilmeye Zorlad\u0131"},"content":{"rendered":"<p>HASEKE \u2013 Suriye Arap Ordusu kontrol noktas\u0131, Haseke k\u0131rsal\u0131n\u0131n kuzeybat\u0131s\u0131nda yer alan Tel Temr yak\u0131nlar\u0131nda Amerikan i\u015fgal g\u00fc\u00e7lerine ait bir konvoyu durdurarak geri \u00e7ekilmeye ve gitmeye zorlad\u0131.<\/p>\n<p>Yerel kaynaklar SANA muhabirne yapt\u0131\u011f\u0131 a\u00e7\u0131klamada, Suriye Arap Ordusunun kontrol noktas\u0131n\u0131n, Haseke k\u0131rsal\u0131n\u0131n kuzeybat\u0131s\u0131nda yer alan Tel Temr il\u00e7esindeki \u015euvey\u015f \u00e7iftli\u011finden ge\u00e7erken Amerikan i\u015fgaline ait d\u00f6rt z\u0131rhl\u0131 arac\u0131 durdurarak onlar\u0131 geri \u00e7ekilmeye ve b\u00f6lgeyi terk etmeye zorlad\u0131\u011f\u0131n\u0131 belirtti.<\/p>\n","protected":false},"excerpt":{"rendered":"<p>HASEKE \u2013 Suriye Arap Ordusu kontrol noktas\u0131, Haseke k\u0131rsal\u0131n\u0131n kuzeybat\u0131s\u0131nda yer alan Tel Temr yak\u0131nlar\u0131nda Amerikan i\u015fgal g\u00fc\u00e7lerine ait bir konvoyu durdurarak geri \u00e7ekilmeye ve gitmeye zorlad\u0131. Yerel kaynaklar SANA muhabirne yapt\u0131\u011f\u0131 a\u00e7\u0131klamada, Suriye Arap Ordusunun kontrol noktas\u0131n\u0131n, Haseke k\u0131rsal\u0131n\u0131n kuzeybat\u0131s\u0131nda yer alan Tel Temr il\u00e7esindeki \u015euvey\u015f \u00e7iftli\u011finden ge\u00e7erken Amerikan i\u015fgaline ait d\u00f6rt z\u0131rhl\u0131 arac\u0131 &hellip;<\/p>\n","protected":false},"author":36,"featured_media":247714,"comment_status":"closed","ping_status":"closed","sticky":false,"template":"","format":"standard","meta":{"footnotes":""},"categories":[479,575,17988,478],"tags":[],"class_list":["post-247713","post","type-post","status-publish","format-standard","has-post-thumbnail","","category-haberler-yerel","category-olaylar-ve-gercekler","category-son-haberler","category-yerel"],"_links":{"self":[{"href":"https:\/\/archive.sana.sy\/tr\/index.php?rest_route=\/wp\/v2\/posts\/247713","targetHints":{"allow":["GET"]}}],"collection":[{"href":"https:\/\/archive.sana.sy\/tr\/index.php?rest_route=\/wp\/v2\/posts"}],"about":[{"href":"https:\/\/archive.sana.sy\/tr\/index.php?rest_route=\/wp\/v2\/types\/post"}],"author":[{"embeddable":true,"href":"https:\/\/archive.sana.sy\/tr\/index.php?rest_route=\/wp\/v2\/users\/36"}],"replies":[{"embeddable":true,"href":"https:\/\/archive.sana.sy\/tr\/index.php?rest_route=%2Fwp%2Fv2%2Fcomments&post=247713"}],"version-history":[{"count":0,"href":"https:\/\/archive.sana.sy\/tr\/index.php?rest_route=\/wp\/v2\/posts\/247713\/revisions"}],"wp:featuredmedia":[{"embeddable":true,"href":"https:\/\/archive.sana.sy\/tr\/index.php?rest_route=\/wp\/v2\/media\/247714"}],"wp:attachment":[{"href":"https:\/\/archive.sana.sy\/tr\/index.php?rest_route=%2Fwp%2Fv2%2Fmedia&parent=247713"}],"wp:term":[{"taxonomy":"category","embeddable":true,"href":"https:\/\/archive.sana.sy\/tr\/index.php?rest_route=%2Fwp%2Fv2%2Fcategories&post=247713"},{"taxonomy":"post_tag","embeddable":true,"href":"https:\/\/archive.sana.sy\/tr\/index.php?rest_route=%2Fwp%2Fv2%2Ftags&post=247713"}],"curies":[{"name":"wp","href":"https:\/\/api.w.org\/{rel}","templated":true}]}}