{"id":247716,"date":"2021-12-26T11:51:35","date_gmt":"2021-12-26T09:51:35","guid":{"rendered":"http:\/\/107.6.182.27\/tr\/?p=247716"},"modified":"2021-12-29T08:15:36","modified_gmt":"2021-12-29T06:15:36","slug":"deyrezzor-ilindeki-kapsamli-cozum-surecine-onlarca-kisi-katildi","status":"publish","type":"post","link":"https:\/\/archive.sana.sy\/tr\/?p=247716","title":{"rendered":"Deyrezzor \u0130lindeki Kapsaml\u0131 \u00c7\u00f6z\u00fcm S\u00fcrecine Onlarca Ki\u015fi Kat\u0131ld\u0131"},"content":{"rendered":"<p>DEYREZZOR \u2013 SANA muhabiri, il halk\u0131na y\u00f6nelik kapsaml\u0131 durum d\u00fczeltme operasyonlar\u0131 \u00e7er\u00e7evesinde, onlarca ki\u015finin Deyrezzor k\u0131rsal\u0131n\u0131n g\u00fcneydo\u011fusunda yer alan El Mayadin kent merkezine ak\u0131n etmeye devam etti\u011fini belirtti.<\/p>\n<p>Deyrezzor k\u0131rsal\u0131n\u0131n g\u00fcneydo\u011fusunda yer alan El Mayadin kentindeki yerle\u015fim merkezine, durumlar\u0131n\u0131 d\u00fczeltip hayatlar\u0131n\u0131 normale d\u00f6nd\u00fcrmek isteyenlerden yo\u011fun kat\u0131l\u0131m ya\u015fan\u0131yor.<\/p>\n<div id='gallery-1' class='gallery galleryid-247716 gallery-columns-1 gallery-size-full'><figure class='gallery-item'>\n\t\t\t<div class='gallery-icon landscape'>\n\t\t\t\t<a href='https:\/\/archive.sana.sy\/tr\/wp-content\/uploads\/2021\/12\/4-10.jpg'><img loading=\"lazy\" decoding=\"async\" width=\"660\" height=\"370\" src=\"https:\/\/archive.sana.sy\/tr\/wp-content\/uploads\/2021\/12\/4-10.jpg\" class=\"attachment-full size-full\" alt=\"\" srcset=\"https:\/\/archive.sana.sy\/tr\/wp-content\/uploads\/2021\/12\/4-10.jpg 660w, https:\/\/archive.sana.sy\/tr\/wp-content\/uploads\/2021\/12\/4-10-300x168.jpg 300w, https:\/\/archive.sana.sy\/tr\/wp-content\/uploads\/2021\/12\/4-10-150x84.jpg 150w\" sizes=\"auto, (max-width: 660px) 100vw, 660px\" \/><\/a>\n\t\t\t<\/div><\/figure>\n\t\t<\/div>\n\n","protected":false},"excerpt":{"rendered":"<p>DEYREZZOR \u2013 SANA muhabiri, il halk\u0131na y\u00f6nelik kapsaml\u0131 durum d\u00fczeltme operasyonlar\u0131 \u00e7er\u00e7evesinde, onlarca ki\u015finin Deyrezzor k\u0131rsal\u0131n\u0131n g\u00fcneydo\u011fusunda yer alan El Mayadin kent merkezine ak\u0131n etmeye devam etti\u011fini belirtti. Deyrezzor k\u0131rsal\u0131n\u0131n g\u00fcneydo\u011fusunda yer alan El Mayadin kentindeki yerle\u015fim merkezine, durumlar\u0131n\u0131 d\u00fczeltip hayatlar\u0131n\u0131 normale d\u00f6nd\u00fcrmek isteyenlerden yo\u011fun kat\u0131l\u0131m ya\u015fan\u0131yor.<\/p>\n","protected":false},"author":36,"featured_media":247718,"comment_status":"closed","ping_status":"closed","sticky":false,"template":"","format":"standard","meta":{"footnotes":""},"categories":[596,479,17988,478],"tags":[],"class_list":["post-247716","post","type-post","status-publish","format-standard","has-post-thumbnail","","category-fotografli-raporlar","category-haberler-yerel","category-son-haberler","category-yerel"],"_links":{"self":[{"href":"https:\/\/archive.sana.sy\/tr\/index.php?rest_route=\/wp\/v2\/posts\/247716","targetHints":{"allow":["GET"]}}],"collection":[{"href":"https:\/\/archive.sana.sy\/tr\/index.php?rest_route=\/wp\/v2\/posts"}],"about":[{"href":"https:\/\/archive.sana.sy\/tr\/index.php?rest_route=\/wp\/v2\/types\/post"}],"author":[{"embeddable":true,"href":"https:\/\/archive.sana.sy\/tr\/index.php?rest_route=\/wp\/v2\/users\/36"}],"replies":[{"embeddable":true,"href":"https:\/\/archive.sana.sy\/tr\/index.php?rest_route=%2Fwp%2Fv2%2Fcomments&post=247716"}],"version-history":[{"count":0,"href":"https:\/\/archive.sana.sy\/tr\/index.php?rest_route=\/wp\/v2\/posts\/247716\/revisions"}],"wp:featuredmedia":[{"embeddable":true,"href":"https:\/\/archive.sana.sy\/tr\/index.php?rest_route=\/wp\/v2\/media\/247718"}],"wp:attachment":[{"href":"https:\/\/archive.sana.sy\/tr\/index.php?rest_route=%2Fwp%2Fv2%2Fmedia&parent=247716"}],"wp:term":[{"taxonomy":"category","embeddable":true,"href":"https:\/\/archive.sana.sy\/tr\/index.php?rest_route=%2Fwp%2Fv2%2Fcategories&post=247716"},{"taxonomy":"post_tag","embeddable":true,"href":"https:\/\/archive.sana.sy\/tr\/index.php?rest_route=%2Fwp%2Fv2%2Ftags&post=247716"}],"curies":[{"name":"wp","href":"https:\/\/api.w.org\/{rel}","templated":true}]}}