{"id":247720,"date":"2021-12-26T15:38:30","date_gmt":"2021-12-26T13:38:30","guid":{"rendered":"http:\/\/107.6.182.27\/tr\/?p=247720"},"modified":"2021-12-29T08:09:57","modified_gmt":"2021-12-29T06:09:57","slug":"guvenlik-birimlerinin-ve-il-ahalisinin-isbirligiyle-deraada-buyuk-miktarda-cephane-ele-gecirildi","status":"publish","type":"post","link":"https:\/\/archive.sana.sy\/tr\/?p=247720","title":{"rendered":"G\u00fcvenlik Birimlerinin ve \u0130l Ahalisinin \u0130\u015fbirli\u011fiyle Deraa\u2019da B\u00fcy\u00fck Miktarda Cephane Ele Ge\u00e7irildi"},"content":{"rendered":"<p style=\"text-align: justify;\">DERAA \u2013 G\u00fcvenlik birimlerimiz Deraa Kenti ahalisi ile i\u015fbirli\u011finde ter\u00f6r \u00f6rg\u00fctlerinin def edilmelerinden ilin farkl\u0131 b\u00f6lgelerinde saklad\u0131klar\u0131 yeni cephane depolar\u0131 ele ge\u00e7irdi.<\/p>\n<p style=\"text-align: justify;\">Dera \u0130l yetkili makamlardan resmi bir kaynak SANA\u2019ya yapt\u0131\u011f\u0131 a\u00e7\u0131klamada, \u201cDeraa \u0130li\u2019nde ulusal anla\u015fma s\u00fcrecinin ba\u015flat\u0131lmas\u0131ndan bu yana bir \u00e7ok ki\u015fi yan\u0131nda bulunan silahlar\u0131n\u0131 teslim etti\u201d dedi.<\/p>\n<p style=\"text-align: justify;\">Ayn\u0131 ba\u011flamda devam ederek kaynak, \u201cula\u015f\u0131lan istihbarat bilgilere g\u00f6re g\u00fcvenlik ve ordu birlikleri il k\u0131rsal\u0131nda bulunan baz\u0131 \u00e7iftlik ve evlerine bask\u0131n d\u00fczenleyerek farkl\u0131 t\u00fcr silah ve m\u00fchimmat ele ge\u00e7irdiklerini\u201d belirtti. Kaynak, bunun yan\u0131 s\u0131ra g\u00fcvenlik birimlerinin il d\u0131\u015f\u0131na ka\u00e7ak\u00e7\u0131l\u0131\u011f\u0131 yap\u0131lmaya haz\u0131rlanan farkl\u0131 miktarda cephaneyi de ele ge\u00e7irdiklerini ekledi.<\/p>\n<p style=\"text-align: justify;\">Kaynak ayr\u0131ca, ele ge\u00e7irilen ve teslim edilen cephanede RPK t\u00fcfekleri, RPG f\u00fczeleri, 14.5 kalibre makineli t\u00fcfek, 122 mm kalibre havan mermileri, \u00e7e\u015fitli el bombalar\u0131, k\u00fc\u00e7\u00fck \u0130HA, el yap\u0131m\u0131 patlay\u0131c\u0131lar\u0131 ve may\u0131nlar\u0131n bulundu\u011funa i\u015faret etti.<\/p>\n<p style=\"text-align: justify;\">P.M.<\/p>\n<div id='gallery-1' class='gallery galleryid-247720 gallery-columns-4 gallery-size-medium'><figure class='gallery-item'>\n\t\t\t<div class='gallery-icon landscape'>\n\t\t\t\t<a href='https:\/\/archive.sana.sy\/tr\/?attachment_id=247723'><img loading=\"lazy\" decoding=\"async\" width=\"300\" height=\"194\" src=\"https:\/\/archive.sana.sy\/tr\/wp-content\/uploads\/2021\/12\/1-333-300x194.jpg\" class=\"attachment-medium size-medium\" alt=\"\" srcset=\"https:\/\/archive.sana.sy\/tr\/wp-content\/uploads\/2021\/12\/1-333-300x194.jpg 300w, https:\/\/archive.sana.sy\/tr\/wp-content\/uploads\/2021\/12\/1-333-150x97.jpg 150w, https:\/\/archive.sana.sy\/tr\/wp-content\/uploads\/2021\/12\/1-333.jpg 660w\" sizes=\"auto, (max-width: 300px) 100vw, 300px\" \/><\/a>\n\t\t\t<\/div><\/figure><figure class='gallery-item'>\n\t\t\t<div class='gallery-icon landscape'>\n\t\t\t\t<a href='https:\/\/archive.sana.sy\/tr\/?attachment_id=247724'><img loading=\"lazy\" decoding=\"async\" width=\"300\" height=\"225\" src=\"https:\/\/archive.sana.sy\/tr\/wp-content\/uploads\/2021\/12\/weapon-13-300x225.jpg\" class=\"attachment-medium size-medium\" alt=\"\" srcset=\"https:\/\/archive.sana.sy\/tr\/wp-content\/uploads\/2021\/12\/weapon-13-300x225.jpg 300w, https:\/\/archive.sana.sy\/tr\/wp-content\/uploads\/2021\/12\/weapon-13-150x113.jpg 150w, https:\/\/archive.sana.sy\/tr\/wp-content\/uploads\/2021\/12\/weapon-13.jpg 700w\" sizes=\"auto, (max-width: 300px) 100vw, 300px\" \/><\/a>\n\t\t\t<\/div><\/figure><figure class='gallery-item'>\n\t\t\t<div class='gallery-icon landscape'>\n\t\t\t\t<a href='https:\/\/archive.sana.sy\/tr\/?attachment_id=247725'><img loading=\"lazy\" decoding=\"async\" width=\"300\" height=\"184\" src=\"https:\/\/archive.sana.sy\/tr\/wp-content\/uploads\/2021\/12\/weapon15-300x184.jpg\" class=\"attachment-medium size-medium\" alt=\"\" srcset=\"https:\/\/archive.sana.sy\/tr\/wp-content\/uploads\/2021\/12\/weapon15-300x184.jpg 300w, https:\/\/archive.sana.sy\/tr\/wp-content\/uploads\/2021\/12\/weapon15-150x92.jpg 150w, https:\/\/archive.sana.sy\/tr\/wp-content\/uploads\/2021\/12\/weapon15.jpg 700w\" sizes=\"auto, (max-width: 300px) 100vw, 300px\" \/><\/a>\n\t\t\t<\/div><\/figure><figure class='gallery-item'>\n\t\t\t<div class='gallery-icon landscape'>\n\t\t\t\t<a href='https:\/\/archive.sana.sy\/tr\/?attachment_id=247726'><img loading=\"lazy\" decoding=\"async\" width=\"300\" height=\"212\" src=\"https:\/\/archive.sana.sy\/tr\/wp-content\/uploads\/2021\/12\/weapon16-300x212.jpg\" class=\"attachment-medium size-medium\" alt=\"\" srcset=\"https:\/\/archive.sana.sy\/tr\/wp-content\/uploads\/2021\/12\/weapon16-300x212.jpg 300w, https:\/\/archive.sana.sy\/tr\/wp-content\/uploads\/2021\/12\/weapon16-150x106.jpg 150w, https:\/\/archive.sana.sy\/tr\/wp-content\/uploads\/2021\/12\/weapon16.jpg 700w\" sizes=\"auto, (max-width: 300px) 100vw, 300px\" \/><\/a>\n\t\t\t<\/div><\/figure>\n\t\t<\/div>\n\n","protected":false},"excerpt":{"rendered":"<p>DERAA \u2013 G\u00fcvenlik birimlerimiz Deraa Kenti ahalisi ile i\u015fbirli\u011finde ter\u00f6r \u00f6rg\u00fctlerinin def edilmelerinden ilin farkl\u0131 b\u00f6lgelerinde saklad\u0131klar\u0131 yeni cephane depolar\u0131 ele ge\u00e7irdi. Dera \u0130l yetkili makamlardan resmi bir kaynak SANA\u2019ya yapt\u0131\u011f\u0131 a\u00e7\u0131klamada, \u201cDeraa \u0130li\u2019nde ulusal anla\u015fma s\u00fcrecinin ba\u015flat\u0131lmas\u0131ndan bu yana bir \u00e7ok ki\u015fi yan\u0131nda bulunan silahlar\u0131n\u0131 teslim etti\u201d dedi. Ayn\u0131 ba\u011flamda devam ederek kaynak, \u201cula\u015f\u0131lan &hellip;<\/p>\n","protected":false},"author":1,"featured_media":247721,"comment_status":"closed","ping_status":"closed","sticky":false,"template":"","format":"standard","meta":{"footnotes":""},"categories":[596,479,575,17988,478],"tags":[],"class_list":["post-247720","post","type-post","status-publish","format-standard","has-post-thumbnail","","category-fotografli-raporlar","category-haberler-yerel","category-olaylar-ve-gercekler","category-son-haberler","category-yerel"],"_links":{"self":[{"href":"https:\/\/archive.sana.sy\/tr\/index.php?rest_route=\/wp\/v2\/posts\/247720","targetHints":{"allow":["GET"]}}],"collection":[{"href":"https:\/\/archive.sana.sy\/tr\/index.php?rest_route=\/wp\/v2\/posts"}],"about":[{"href":"https:\/\/archive.sana.sy\/tr\/index.php?rest_route=\/wp\/v2\/types\/post"}],"author":[{"embeddable":true,"href":"https:\/\/archive.sana.sy\/tr\/index.php?rest_route=\/wp\/v2\/users\/1"}],"replies":[{"embeddable":true,"href":"https:\/\/archive.sana.sy\/tr\/index.php?rest_route=%2Fwp%2Fv2%2Fcomments&post=247720"}],"version-history":[{"count":0,"href":"https:\/\/archive.sana.sy\/tr\/index.php?rest_route=\/wp\/v2\/posts\/247720\/revisions"}],"wp:featuredmedia":[{"embeddable":true,"href":"https:\/\/archive.sana.sy\/tr\/index.php?rest_route=\/wp\/v2\/media\/247721"}],"wp:attachment":[{"href":"https:\/\/archive.sana.sy\/tr\/index.php?rest_route=%2Fwp%2Fv2%2Fmedia&parent=247720"}],"wp:term":[{"taxonomy":"category","embeddable":true,"href":"https:\/\/archive.sana.sy\/tr\/index.php?rest_route=%2Fwp%2Fv2%2Fcategories&post=247720"},{"taxonomy":"post_tag","embeddable":true,"href":"https:\/\/archive.sana.sy\/tr\/index.php?rest_route=%2Fwp%2Fv2%2Ftags&post=247720"}],"curies":[{"name":"wp","href":"https:\/\/api.w.org\/{rel}","templated":true}]}}