{"id":247728,"date":"2021-12-26T15:45:53","date_gmt":"2021-12-26T13:45:53","guid":{"rendered":"http:\/\/107.6.182.27\/tr\/?p=247728"},"modified":"2021-12-29T08:10:02","modified_gmt":"2021-12-29T06:10:02","slug":"irak-gucleri-teroristlerin-kalintilarini-yakalamak-icin-dort-guvenlik-operasyonu-baslatti","status":"publish","type":"post","link":"https:\/\/archive.sana.sy\/tr\/?p=247728","title":{"rendered":"Irak G\u00fc\u00e7leri Ter\u00f6ristlerin Kal\u0131nt\u0131lar\u0131n\u0131 Yakalamak \u0130\u00e7in D\u00f6rt G\u00fcvenlik Operasyonu Ba\u015flatt\u0131"},"content":{"rendered":"<p style=\"text-align: justify;\">BA\u011eDAT \u2013 Irak g\u00fc\u00e7leri bug\u00fcn Anbar, Ninova ve Diyala illerinde ter\u00f6ristlerin kal\u0131nt\u0131lar\u0131n\u0131 yakalamak i\u00e7in e\u015f zamanl\u0131 d\u00f6rt g\u00fcvenlik operasyonu ba\u015flatt\u0131.<\/p>\n<p style=\"text-align: justify;\">Irak G\u00fcvenlik Medya H\u00fccresi&#8217;nden yay\u0131nlanan ve SANA\u2019n\u0131n bir n\u00fcshas\u0131n\u0131 ald\u0131\u011f\u0131 beyanda, &#8220;Do\u011fru istihbarata g\u00f6re, g\u00fcvenlik birimleri bu sabah, ilki Anbar Valili\u011fi&#8217;ne ba\u011fl\u0131 Al-Rutba il\u00e7esinin g\u00fcneybat\u0131s\u0131nda Be\u015finci T\u00fcmen ve Anbar Operasyon Komutanl\u0131\u011f\u0131 arac\u0131l\u0131\u011f\u0131yla olmak \u00fczere \u00fc\u00e7 \u00f6nleyici operasyona ba\u015flad\u0131\u201d ifadelere yer verildi.<\/p>\n<p style=\"text-align: justify;\">Beyanda, \u00fc\u00e7\u00fcnc\u00fc operasyonun Irak&#8217;\u0131n kuzeyindeki Ninova Valili\u011fi&#8217;ne ba\u011fl\u0131 Hatra il\u00e7esinin g\u00fcneyinde, Bat\u0131 Ninova Harekat Komutanl\u0131\u011f\u0131 ile birlikte 20&#8217;nci T\u00fcmen birlik ve birliklerinin kat\u0131ld\u0131\u011f\u0131 da belirtildi.<\/p>\n<p style=\"text-align: justify;\">Beyanda ayr\u0131ca, bu operasyonlar\u0131n ter\u00f6r \u201cI\u015e\u0130D\u201d \u00e7etelerinin kal\u0131nt\u0131lar\u0131n\u0131 takip etmeyi, topraklar\u0131 temizlemeyi ve \u00e7e\u015fitli \u015fekillerde su\u00e7la m\u00fccadele etmeyi ama\u00e7lad\u0131\u011f\u0131 a\u00e7\u0131kland\u0131.<\/p>\n<p style=\"text-align: justify;\">P.M.<\/p>\n","protected":false},"excerpt":{"rendered":"<p>BA\u011eDAT \u2013 Irak g\u00fc\u00e7leri bug\u00fcn Anbar, Ninova ve Diyala illerinde ter\u00f6ristlerin kal\u0131nt\u0131lar\u0131n\u0131 yakalamak i\u00e7in e\u015f zamanl\u0131 d\u00f6rt g\u00fcvenlik operasyonu ba\u015flatt\u0131. Irak G\u00fcvenlik Medya H\u00fccresi&#8217;nden yay\u0131nlanan ve SANA\u2019n\u0131n bir n\u00fcshas\u0131n\u0131 ald\u0131\u011f\u0131 beyanda, &#8220;Do\u011fru istihbarata g\u00f6re, g\u00fcvenlik birimleri bu sabah, ilki Anbar Valili\u011fi&#8217;ne ba\u011fl\u0131 Al-Rutba il\u00e7esinin g\u00fcneybat\u0131s\u0131nda Be\u015finci T\u00fcmen ve Anbar Operasyon Komutanl\u0131\u011f\u0131 arac\u0131l\u0131\u011f\u0131yla olmak \u00fczere \u00fc\u00e7 &hellip;<\/p>\n","protected":false},"author":1,"featured_media":247729,"comment_status":"closed","ping_status":"closed","sticky":false,"template":"","format":"standard","meta":{"footnotes":""},"categories":[458,459,17988],"tags":[],"class_list":["post-247728","post","type-post","status-publish","format-standard","has-post-thumbnail","","category-dunya1","category-haberler-arap-uluslararasi-politika","category-son-haberler"],"_links":{"self":[{"href":"https:\/\/archive.sana.sy\/tr\/index.php?rest_route=\/wp\/v2\/posts\/247728","targetHints":{"allow":["GET"]}}],"collection":[{"href":"https:\/\/archive.sana.sy\/tr\/index.php?rest_route=\/wp\/v2\/posts"}],"about":[{"href":"https:\/\/archive.sana.sy\/tr\/index.php?rest_route=\/wp\/v2\/types\/post"}],"author":[{"embeddable":true,"href":"https:\/\/archive.sana.sy\/tr\/index.php?rest_route=\/wp\/v2\/users\/1"}],"replies":[{"embeddable":true,"href":"https:\/\/archive.sana.sy\/tr\/index.php?rest_route=%2Fwp%2Fv2%2Fcomments&post=247728"}],"version-history":[{"count":0,"href":"https:\/\/archive.sana.sy\/tr\/index.php?rest_route=\/wp\/v2\/posts\/247728\/revisions"}],"wp:featuredmedia":[{"embeddable":true,"href":"https:\/\/archive.sana.sy\/tr\/index.php?rest_route=\/wp\/v2\/media\/247729"}],"wp:attachment":[{"href":"https:\/\/archive.sana.sy\/tr\/index.php?rest_route=%2Fwp%2Fv2%2Fmedia&parent=247728"}],"wp:term":[{"taxonomy":"category","embeddable":true,"href":"https:\/\/archive.sana.sy\/tr\/index.php?rest_route=%2Fwp%2Fv2%2Fcategories&post=247728"},{"taxonomy":"post_tag","embeddable":true,"href":"https:\/\/archive.sana.sy\/tr\/index.php?rest_route=%2Fwp%2Fv2%2Ftags&post=247728"}],"curies":[{"name":"wp","href":"https:\/\/api.w.org\/{rel}","templated":true}]}}