{"id":24773,"date":"2015-02-24T19:20:31","date_gmt":"2015-02-24T17:20:31","guid":{"rendered":"http:\/\/www.sana.sy\/tr\/?p=24773"},"modified":"2015-02-24T19:20:31","modified_gmt":"2015-02-24T17:20:31","slug":"zarif-ve-caferi-devletlerin-ulusal-egemenlikleri-ve-toprak-butunluklerine-saygi-gosterilmelidir","status":"publish","type":"post","link":"https:\/\/archive.sana.sy\/tr\/?p=24773","title":{"rendered":"Zarif ve Caferi: Devletlerin Ulusal Egemenlikleri ve Toprak B\u00fct\u00fcnl\u00fcklerine Sayg\u0131 G\u00f6sterilmelidir"},"content":{"rendered":"<p>BA\u011eDAT \u2013 \u0130ran D\u0131\u015fi\u015fleri Bakan\u0131 Muhammed Cevat Zarif, Irakl\u0131 Mevkida\u015f\u0131 \u0130brahim el Caferi ile bir araya gelerek devletlerin ulusal egemenliklerine sayg\u0131 duyulmas\u0131 ve i\u00e7i\u015flerine m\u00fcdahale edilmemesi gerekti\u011fini ifade etti.<\/p>\n<p>Ba\u011fdat\u2019ta yap\u0131tlar\u0131 g\u00f6r\u00fc\u015fmenin ard\u0131ndan Caferi ile birlikte ortak bas\u0131n konferans\u0131 d\u00fczenleyen Zarif; \u0130ran\u2019\u0131n Irak ve di\u011fer b\u00f6lge \u00fclkelerinde g\u00fcvenlik, istikrar ve geli\u015fimin b\u00fct\u00fcn b\u00f6lgenin g\u00fcvenlik ve istikrar\u0131n\u0131 olu\u015fturdu\u011funu ifade etti\u011fi g\u00f6r\u00fc\u015f\u00fcnde oldu\u011funu dile getirdi.<\/p>\n<p>T\u00fcrkiye\u2019deki Erdo\u011fan rejiminin Suriye topraklar\u0131na y\u00f6nelik sald\u0131r\u0131yla ilgili b\u00fct\u00fcn \u00fclkelerin toprak b\u00fct\u00fcnl\u00fc\u011f\u00fcne sayg\u0131 g\u00f6stermek gerekti\u011finin alt\u0131n\u0131 \u00e7izen Zarif; b\u00f6lge devletlerine, uluslararas\u0131 kanunlar\u0131 uygulama ve bu kanunlar\u0131n ihlal edilmesine izin vermeme \u00e7a\u011fr\u0131s\u0131nda bulundu.<\/p>\n<p>\u00d6te yandan \u00fclkesinin devletlerin egemenli\u011fine ve toprak b\u00fct\u00fcnl\u00fc\u011f\u00fcne sayg\u0131 g\u00f6stermeye b\u00fcy\u00fck bir \u00f6nem verdi\u011fini ifade eden Caferi, Irak\u2019\u0131n ter\u00f6rle ilgili tutumunun her zaman a\u00e7\u0131k ve net oldu\u011funun alt\u0131n\u0131 \u00e7izdi.<\/p>\n<p>F.B. &#8211; M.M.<\/p>\n","protected":false},"excerpt":{"rendered":"<p>BA\u011eDAT \u2013 \u0130ran D\u0131\u015fi\u015fleri Bakan\u0131 Muhammed Cevat Zarif, Irakl\u0131 Mevkida\u015f\u0131 \u0130brahim el Caferi ile bir araya gelerek devletlerin ulusal egemenliklerine sayg\u0131 duyulmas\u0131 ve i\u00e7i\u015flerine m\u00fcdahale edilmemesi gerekti\u011fini ifade etti. Ba\u011fdat\u2019ta yap\u0131tlar\u0131 g\u00f6r\u00fc\u015fmenin ard\u0131ndan Caferi ile birlikte ortak bas\u0131n konferans\u0131 d\u00fczenleyen Zarif; \u0130ran\u2019\u0131n Irak ve di\u011fer b\u00f6lge \u00fclkelerinde g\u00fcvenlik, istikrar ve geli\u015fimin b\u00fct\u00fcn b\u00f6lgenin g\u00fcvenlik ve &hellip;<\/p>\n","protected":false},"author":1,"featured_media":24774,"comment_status":"closed","ping_status":"closed","sticky":false,"template":"","format":"standard","meta":{"footnotes":""},"categories":[458,459,447],"tags":[11824,11825,11823],"class_list":["post-24773","post","type-post","status-publish","format-standard","has-post-thumbnail","","category-dunya1","category-haberler-arap-uluslararasi-politika","category-politika","tag-bagdat-iran-disisleri-bakani-muhammed-cevat-zarif","tag-irakli-mevkidasi-ibrahim-el-caferi-ile-bir-araya-gelerek-devletlerin-ulusal-egemenliklerine-saygi-duyulmasi-ve-icislerine-mudahale-edilmemesi-gerektigini-ifade-etti","tag-zarif-ve-caferi-devletlerin-ulusal-egemenlikleri-ve-toprak-butunluklerine-saygi-gosterilmelidir"],"_links":{"self":[{"href":"https:\/\/archive.sana.sy\/tr\/index.php?rest_route=\/wp\/v2\/posts\/24773","targetHints":{"allow":["GET"]}}],"collection":[{"href":"https:\/\/archive.sana.sy\/tr\/index.php?rest_route=\/wp\/v2\/posts"}],"about":[{"href":"https:\/\/archive.sana.sy\/tr\/index.php?rest_route=\/wp\/v2\/types\/post"}],"author":[{"embeddable":true,"href":"https:\/\/archive.sana.sy\/tr\/index.php?rest_route=\/wp\/v2\/users\/1"}],"replies":[{"embeddable":true,"href":"https:\/\/archive.sana.sy\/tr\/index.php?rest_route=%2Fwp%2Fv2%2Fcomments&post=24773"}],"version-history":[{"count":0,"href":"https:\/\/archive.sana.sy\/tr\/index.php?rest_route=\/wp\/v2\/posts\/24773\/revisions"}],"wp:featuredmedia":[{"embeddable":true,"href":"https:\/\/archive.sana.sy\/tr\/index.php?rest_route=\/wp\/v2\/media\/24774"}],"wp:attachment":[{"href":"https:\/\/archive.sana.sy\/tr\/index.php?rest_route=%2Fwp%2Fv2%2Fmedia&parent=24773"}],"wp:term":[{"taxonomy":"category","embeddable":true,"href":"https:\/\/archive.sana.sy\/tr\/index.php?rest_route=%2Fwp%2Fv2%2Fcategories&post=24773"},{"taxonomy":"post_tag","embeddable":true,"href":"https:\/\/archive.sana.sy\/tr\/index.php?rest_route=%2Fwp%2Fv2%2Ftags&post=24773"}],"curies":[{"name":"wp","href":"https:\/\/api.w.org\/{rel}","templated":true}]}}