{"id":247731,"date":"2021-12-26T15:48:43","date_gmt":"2021-12-26T13:48:43","guid":{"rendered":"http:\/\/107.6.182.27\/tr\/?p=247731"},"modified":"2021-12-29T08:10:07","modified_gmt":"2021-12-29T06:10:07","slug":"putin-ve-sisi-libyada-terorle-mucadele-cabalarini-yogunlastirmak","status":"publish","type":"post","link":"https:\/\/archive.sana.sy\/tr\/?p=247731","title":{"rendered":"Putin ve Sisi: Libya&#8217;da Ter\u00f6rle M\u00fccadele \u00c7abalar\u0131n\u0131 Yo\u011funla\u015ft\u0131rmak"},"content":{"rendered":"<p style=\"text-align: justify;\">MOSKOVA\/KAH\u0130RE \u2013 Rusya Devlet Ba\u015fkan\u0131 Vladimir Putin ve M\u0131s\u0131rl\u0131 mevkida\u015f\u0131 Abdel Fattah El-Sisi bug\u00fcn bir telefon g\u00f6r\u00fc\u015fmesinde, ter\u00f6r \u00f6rg\u00fctleriyle m\u00fccadele ve Libya&#8217;n\u0131n i\u00e7i\u015flerine yasad\u0131\u015f\u0131 d\u0131\u015f m\u00fcdahaleye son vermek de dahil olmak \u00fczere Libya krizini \u00e7\u00f6zmeye y\u00f6nelik ikili i\u015fbirli\u011fi ve \u00e7abalar\u0131 g\u00f6r\u00fc\u015ft\u00fc.<\/p>\n<p style=\"text-align: justify;\">Sputnik haber ajans\u0131n\u0131n aktard\u0131\u011f\u0131na g\u00f6re Kremlin bas\u0131n ofisinden yap\u0131lan a\u00e7\u0131klamada, Rus ve M\u0131s\u0131r cumhurba\u015fkanlar\u0131n\u0131n \u00e7a\u011fr\u0131 s\u0131ras\u0131nda &#8220;Rusya ve M\u0131s\u0131r&#8217;\u0131n Libya&#8217;daki siyasi \u00e7\u00f6z\u00fcme y\u00f6nelik yakla\u015f\u0131m\u0131n\u0131n yak\u0131nla\u015fmas\u0131na&#8221; at\u0131fta bulundu\u011fu belirtildi. A\u00e7\u0131klamada, ayr\u0131ca M\u0131s\u0131r&#8217;daki Dabaa n\u00fckleer santral projesi ve S\u00fcvey\u015f Kanal\u0131 b\u00f6lgesinde bir Rus sanayi b\u00f6lgesinin kurulmas\u0131 da dahil olmak \u00fczere iki \u00fclke aras\u0131ndaki ikili i\u015fbirli\u011fini de ele ald\u0131lar.<\/p>\n<p style=\"text-align: justify;\">Bu ba\u011flamada M\u0131s\u0131r Cumhurba\u015fkanl\u0131\u011f\u0131 taraf\u0131ndan yay\u0131nlanan beyanda ise, \u201cM\u0131s\u0131r ve Rus taraflar\u0131, Libya krizini \u00e7\u00f6zmek ve Libya halk\u0131n\u0131n daha iyi bir gelecek i\u00e7in arzu edilen \u00f6zlemlerini ger\u00e7ekle\u015ftirmek i\u00e7in ortak \u00e7abalar\u0131n ve aralar\u0131ndaki kar\u015f\u0131l\u0131kl\u0131 koordinasyonun yo\u011funla\u015ft\u0131r\u0131lmas\u0131n\u0131n yan\u0131 s\u0131ra silahl\u0131 milisler ve ter\u00f6r \u00f6rg\u00fctleriyle m\u00fccadelenin \u00f6nemi ve Libya i\u015flerine yasa d\u0131\u015f\u0131 d\u0131\u015f m\u00fcdahaleye son verilmesi \u00fczerinde anla\u015ft\u0131lar\u201d diye ifade edildi.<\/p>\n<p style=\"text-align: justify;\">P.M.<\/p>\n","protected":false},"excerpt":{"rendered":"<p>MOSKOVA\/KAH\u0130RE \u2013 Rusya Devlet Ba\u015fkan\u0131 Vladimir Putin ve M\u0131s\u0131rl\u0131 mevkida\u015f\u0131 Abdel Fattah El-Sisi bug\u00fcn bir telefon g\u00f6r\u00fc\u015fmesinde, ter\u00f6r \u00f6rg\u00fctleriyle m\u00fccadele ve Libya&#8217;n\u0131n i\u00e7i\u015flerine yasad\u0131\u015f\u0131 d\u0131\u015f m\u00fcdahaleye son vermek de dahil olmak \u00fczere Libya krizini \u00e7\u00f6zmeye y\u00f6nelik ikili i\u015fbirli\u011fi ve \u00e7abalar\u0131 g\u00f6r\u00fc\u015ft\u00fc. Sputnik haber ajans\u0131n\u0131n aktard\u0131\u011f\u0131na g\u00f6re Kremlin bas\u0131n ofisinden yap\u0131lan a\u00e7\u0131klamada, Rus ve M\u0131s\u0131r cumhurba\u015fkanlar\u0131n\u0131n &hellip;<\/p>\n","protected":false},"author":1,"featured_media":247732,"comment_status":"closed","ping_status":"closed","sticky":false,"template":"","format":"standard","meta":{"footnotes":""},"categories":[458,459,17988],"tags":[],"class_list":["post-247731","post","type-post","status-publish","format-standard","has-post-thumbnail","","category-dunya1","category-haberler-arap-uluslararasi-politika","category-son-haberler"],"_links":{"self":[{"href":"https:\/\/archive.sana.sy\/tr\/index.php?rest_route=\/wp\/v2\/posts\/247731","targetHints":{"allow":["GET"]}}],"collection":[{"href":"https:\/\/archive.sana.sy\/tr\/index.php?rest_route=\/wp\/v2\/posts"}],"about":[{"href":"https:\/\/archive.sana.sy\/tr\/index.php?rest_route=\/wp\/v2\/types\/post"}],"author":[{"embeddable":true,"href":"https:\/\/archive.sana.sy\/tr\/index.php?rest_route=\/wp\/v2\/users\/1"}],"replies":[{"embeddable":true,"href":"https:\/\/archive.sana.sy\/tr\/index.php?rest_route=%2Fwp%2Fv2%2Fcomments&post=247731"}],"version-history":[{"count":0,"href":"https:\/\/archive.sana.sy\/tr\/index.php?rest_route=\/wp\/v2\/posts\/247731\/revisions"}],"wp:featuredmedia":[{"embeddable":true,"href":"https:\/\/archive.sana.sy\/tr\/index.php?rest_route=\/wp\/v2\/media\/247732"}],"wp:attachment":[{"href":"https:\/\/archive.sana.sy\/tr\/index.php?rest_route=%2Fwp%2Fv2%2Fmedia&parent=247731"}],"wp:term":[{"taxonomy":"category","embeddable":true,"href":"https:\/\/archive.sana.sy\/tr\/index.php?rest_route=%2Fwp%2Fv2%2Fcategories&post=247731"},{"taxonomy":"post_tag","embeddable":true,"href":"https:\/\/archive.sana.sy\/tr\/index.php?rest_route=%2Fwp%2Fv2%2Ftags&post=247731"}],"curies":[{"name":"wp","href":"https:\/\/api.w.org\/{rel}","templated":true}]}}