{"id":247734,"date":"2021-12-26T15:51:59","date_gmt":"2021-12-26T13:51:59","guid":{"rendered":"http:\/\/107.6.182.27\/tr\/?p=247734"},"modified":"2021-12-29T08:10:13","modified_gmt":"2021-12-29T06:10:13","slug":"suriyede-uretilmistir-bagdat-uluslararasi-fuarinin-arazisinde-dogrudan-satisa-hazir","status":"publish","type":"post","link":"https:\/\/archive.sana.sy\/tr\/?p=247734","title":{"rendered":"\u201cSuriye&#8217;de \u00dcretilmi\u015ftir\u201d.. Ba\u011fdat Uluslararas\u0131 Fuar\u0131&#8217;n\u0131n Arazisinde Do\u011frudan Sat\u0131\u015fa Haz\u0131r"},"content":{"rendered":"<p style=\"text-align: justify;\">BA\u011eDAT \u2013 Ba\u011fdat Uluslararas\u0131 Fuar\u0131 gerek\u00e7esiyle d\u00fcn a\u00e7\u0131lan do\u011frudan sat\u0131\u015f ama\u00e7l\u0131 \u201cSuriye&#8217;de \u00dcretildi\u201d sergisinin ikinci oturumu, Irakl\u0131 t\u00fcketiciler, t\u00fcccarlar ve sanayicilerin dikkat \u00e7ekici bir varl\u0131\u011f\u0131na tan\u0131k oldu.<\/p>\n<p style=\"text-align: justify;\">Arap \u0130hracat\u00e7\u0131lar Birli\u011fi b\u00f6lge ofisinin g\u00f6zetiminde d\u00fczenlenen ve y\u00fczlerce \u00e7e\u015fit tekstil, sa\u011fl\u0131k, g\u0131da, elektrik ve kozmetik \u00fcr\u00fcnlerinin sergilendi\u011fi fuara y\u00fcz yetmi\u015f Suriyeli t\u00fcccar ve sanayici ile 100&#8217;den fazla firma kat\u0131l\u0131yor.<\/p>\n<p style=\"text-align: justify;\">Suriye&#8217;nin Ba\u011fdat B\u00fcy\u00fckel\u00e7isi Sattam Cedaan el Dendah, SANA muhabirine yapt\u0131\u011f\u0131 a\u00e7\u0131klamada, fuar\u0131n Suriye ve Irak aras\u0131ndaki ekonomik, ticari, yat\u0131r\u0131m ve end\u00fcstriyel i\u015fbirli\u011fini geli\u015ftirme ve geli\u015ftirmedeki rol\u00fcne i\u015faret ederken, Suriye mallar\u0131 i\u00e7in en \u00f6nemli pazarlardan biri olan Irak pazarlar\u0131nda yerel \u00fcr\u00fcn\u00fcn tan\u0131t\u0131m\u0131nda niteliksel bir s\u0131\u00e7rama oldu\u011funu kaydetti.<\/p>\n<p style=\"text-align: justify;\">Arap \u0130hracat\u00e7\u0131lar Birli\u011fi&#8217;nin b\u00f6lge ofisi ba\u015fkan\u0131 Muhammed el Savah, fuar\u0131n &#8220;Suriye mallar\u0131n\u0131 kabul eden Irakl\u0131 t\u00fcketicinin ihtiya\u00e7lar\u0131n\u0131 kar\u015f\u0131lamak i\u00e7in \u00f6nemli bir ad\u0131m&#8221; oldu\u011funu vurgulad\u0131. El Savah, Suriye \u00fcr\u00fcnlerini, \u00f6zellikle Suriye end\u00fcstrisini karakterize eden kalite ve dayan\u0131kl\u0131l\u0131kla, onlar\u0131 tan\u0131tmak i\u00e7in en geni\u015f pencerelerden biri olarak Irak pazarlar\u0131na sunmak i\u00e7in at\u0131lan birka\u00e7 ad\u0131m\u0131n i\u00e7inde oldu\u011funa dikkat \u00e7ekti.<\/p>\n<p style=\"text-align: justify;\">Irak Ticaret Odalar\u0131 Federasyonu ba\u015fkan\u0131 Abdul Razzaq el Zuheyri, iki \u00fclke aras\u0131ndaki ticari ve end\u00fcstriyel ili\u015fkilerin b\u00fcy\u00fcmesine dikkat \u00e7ekti. Zuheyri, Do\u011frudan sat\u0131\u015f i\u00e7in bu fuar\u0131n Ba\u011fdat&#8217;ta d\u00fczenlenmesinin, iki \u00fclke aras\u0131ndaki ticari ve end\u00fcstriyel ili\u015fkilerin iki karde\u015f halk\u0131n iyili\u011fi ve yarar\u0131na b\u00fcy\u00fcd\u00fc\u011f\u00fcn\u00fcn ve t\u0131rmand\u0131\u011f\u0131n\u0131n a\u00e7\u0131k bir g\u00f6stergesi oldu\u011funu da s\u00f6yledi.<\/p>\n<p style=\"text-align: justify;\">A\u00e7\u0131l\u0131\u015f\u0131ndan bu yana on g\u00fcn boyunca devam eden fuara i\u015fadamlar\u0131ndan t\u00fcccarlara, sanayicilerden t\u00fcketicilere kadar Irakl\u0131 ziyaret\u00e7ilerin yo\u011fun kat\u0131l\u0131m\u0131na sahne oldu.<\/p>\n<p style=\"text-align: justify;\">P.M.<\/p>\n","protected":false},"excerpt":{"rendered":"<p>BA\u011eDAT \u2013 Ba\u011fdat Uluslararas\u0131 Fuar\u0131 gerek\u00e7esiyle d\u00fcn a\u00e7\u0131lan do\u011frudan sat\u0131\u015f ama\u00e7l\u0131 \u201cSuriye&#8217;de \u00dcretildi\u201d sergisinin ikinci oturumu, Irakl\u0131 t\u00fcketiciler, t\u00fcccarlar ve sanayicilerin dikkat \u00e7ekici bir varl\u0131\u011f\u0131na tan\u0131k oldu. Arap \u0130hracat\u00e7\u0131lar Birli\u011fi b\u00f6lge ofisinin g\u00f6zetiminde d\u00fczenlenen ve y\u00fczlerce \u00e7e\u015fit tekstil, sa\u011fl\u0131k, g\u0131da, elektrik ve kozmetik \u00fcr\u00fcnlerinin sergilendi\u011fi fuara y\u00fcz yetmi\u015f Suriyeli t\u00fcccar ve sanayici ile 100&#8217;den fazla &hellip;<\/p>\n","protected":false},"author":1,"featured_media":247735,"comment_status":"closed","ping_status":"closed","sticky":false,"template":"","format":"standard","meta":{"footnotes":""},"categories":[458,485,486,459,17988],"tags":[],"class_list":["post-247734","post","type-post","status-publish","format-standard","has-post-thumbnail","","category-dunya1","category-is-ve-sermaye","category-haberler-is-ve-sermaye","category-haberler-arap-uluslararasi-politika","category-son-haberler"],"_links":{"self":[{"href":"https:\/\/archive.sana.sy\/tr\/index.php?rest_route=\/wp\/v2\/posts\/247734","targetHints":{"allow":["GET"]}}],"collection":[{"href":"https:\/\/archive.sana.sy\/tr\/index.php?rest_route=\/wp\/v2\/posts"}],"about":[{"href":"https:\/\/archive.sana.sy\/tr\/index.php?rest_route=\/wp\/v2\/types\/post"}],"author":[{"embeddable":true,"href":"https:\/\/archive.sana.sy\/tr\/index.php?rest_route=\/wp\/v2\/users\/1"}],"replies":[{"embeddable":true,"href":"https:\/\/archive.sana.sy\/tr\/index.php?rest_route=%2Fwp%2Fv2%2Fcomments&post=247734"}],"version-history":[{"count":0,"href":"https:\/\/archive.sana.sy\/tr\/index.php?rest_route=\/wp\/v2\/posts\/247734\/revisions"}],"wp:featuredmedia":[{"embeddable":true,"href":"https:\/\/archive.sana.sy\/tr\/index.php?rest_route=\/wp\/v2\/media\/247735"}],"wp:attachment":[{"href":"https:\/\/archive.sana.sy\/tr\/index.php?rest_route=%2Fwp%2Fv2%2Fmedia&parent=247734"}],"wp:term":[{"taxonomy":"category","embeddable":true,"href":"https:\/\/archive.sana.sy\/tr\/index.php?rest_route=%2Fwp%2Fv2%2Fcategories&post=247734"},{"taxonomy":"post_tag","embeddable":true,"href":"https:\/\/archive.sana.sy\/tr\/index.php?rest_route=%2Fwp%2Fv2%2Ftags&post=247734"}],"curies":[{"name":"wp","href":"https:\/\/api.w.org\/{rel}","templated":true}]}}