{"id":247737,"date":"2021-12-26T23:44:22","date_gmt":"2021-12-26T21:44:22","guid":{"rendered":"http:\/\/107.6.182.27\/tr\/?p=247737"},"modified":"2021-12-29T08:10:20","modified_gmt":"2021-12-29T06:10:20","slug":"populer-direnis-gruplari-deyrezzorun-batisinda-dsg-milislerine-ait-karargaha-saldirdi","status":"publish","type":"post","link":"https:\/\/archive.sana.sy\/tr\/?p=247737","title":{"rendered":"Pop\u00fcler Direni\u015f Gruplar\u0131 Deyrezzor\u2019un Bat\u0131s\u0131nda \u201cDSG\u201d Milislerine Ait Karargaha Sald\u0131rd\u0131"},"content":{"rendered":"<p>DEYREZZOR \u2013 Pop\u00fcler direni\u015f gruplar\u0131, Deyrezzor&#8217;un bat\u0131 k\u0131rsal\u0131ndaki Cezara el Bu Hamid beldesinde Amerikan i\u015fgal g\u00fc\u00e7leri taraf\u0131ndan desteklenen \u201cDSG\u201dmilislerinin karargah\u0131n\u0131 hedef ald\u0131.<\/p>\n<p>Yerel kaynaklar SANA muhabirine yapt\u0131klar\u0131 a\u00e7\u0131klamada, Deyrezzor k\u0131rsal\u0131n\u0131n bat\u0131s\u0131ndaki Cezara beldesindeki \u201cDSG\u201d milislerine ait bir karargah\u0131n pop\u00fcler direni\u015f gruplar\u0131 taraf\u0131ndan d\u00fczenlenen sald\u0131r\u0131ya u\u011frat\u0131ld\u0131\u011f\u0131n\u0131 belirtti.<\/p>\n<p>Kaynaklar, sald\u0131r\u0131 sonucunda \u201cDSG\u201d karargah\u0131nda b\u00fcy\u00fck maddi hasarlara yol a\u00e7\u0131ld\u0131\u011f\u0131na i\u015faret ederken, sald\u0131r\u0131 ard\u0131ndan milislerin belde ve \u00e7evresinde bask\u0131nlar yapmak i\u00e7in takviye getirdiklerini s\u00f6yledi. Kaynaklar, bask\u0131nlar s\u0131ras\u0131nda \u201cDSG\u201d milisleri taraf\u0131ndan birka\u00e7 sivil vatanda\u015f\u0131n ka\u00e7\u0131r\u0131ld\u0131\u011f\u0131n\u0131 ve bilinmeyen y\u00f6ne g\u00f6t\u00fcr\u00fcld\u00fc\u011f\u00fcn\u00fc da s\u00f6zlerine ekledi.<\/p>\n<p>P.M.<\/p>\n","protected":false},"excerpt":{"rendered":"<p>DEYREZZOR \u2013 Pop\u00fcler direni\u015f gruplar\u0131, Deyrezzor&#8217;un bat\u0131 k\u0131rsal\u0131ndaki Cezara el Bu Hamid beldesinde Amerikan i\u015fgal g\u00fc\u00e7leri taraf\u0131ndan desteklenen \u201cDSG\u201dmilislerinin karargah\u0131n\u0131 hedef ald\u0131. Yerel kaynaklar SANA muhabirine yapt\u0131klar\u0131 a\u00e7\u0131klamada, Deyrezzor k\u0131rsal\u0131n\u0131n bat\u0131s\u0131ndaki Cezara beldesindeki \u201cDSG\u201d milislerine ait bir karargah\u0131n pop\u00fcler direni\u015f gruplar\u0131 taraf\u0131ndan d\u00fczenlenen sald\u0131r\u0131ya u\u011frat\u0131ld\u0131\u011f\u0131n\u0131 belirtti. Kaynaklar, sald\u0131r\u0131 sonucunda \u201cDSG\u201d karargah\u0131nda b\u00fcy\u00fck maddi hasarlara yol &hellip;<\/p>\n","protected":false},"author":1,"featured_media":247738,"comment_status":"closed","ping_status":"closed","sticky":false,"template":"","format":"standard","meta":{"footnotes":""},"categories":[479,575,17988,478],"tags":[],"class_list":["post-247737","post","type-post","status-publish","format-standard","has-post-thumbnail","","category-haberler-yerel","category-olaylar-ve-gercekler","category-son-haberler","category-yerel"],"_links":{"self":[{"href":"https:\/\/archive.sana.sy\/tr\/index.php?rest_route=\/wp\/v2\/posts\/247737","targetHints":{"allow":["GET"]}}],"collection":[{"href":"https:\/\/archive.sana.sy\/tr\/index.php?rest_route=\/wp\/v2\/posts"}],"about":[{"href":"https:\/\/archive.sana.sy\/tr\/index.php?rest_route=\/wp\/v2\/types\/post"}],"author":[{"embeddable":true,"href":"https:\/\/archive.sana.sy\/tr\/index.php?rest_route=\/wp\/v2\/users\/1"}],"replies":[{"embeddable":true,"href":"https:\/\/archive.sana.sy\/tr\/index.php?rest_route=%2Fwp%2Fv2%2Fcomments&post=247737"}],"version-history":[{"count":0,"href":"https:\/\/archive.sana.sy\/tr\/index.php?rest_route=\/wp\/v2\/posts\/247737\/revisions"}],"wp:featuredmedia":[{"embeddable":true,"href":"https:\/\/archive.sana.sy\/tr\/index.php?rest_route=\/wp\/v2\/media\/247738"}],"wp:attachment":[{"href":"https:\/\/archive.sana.sy\/tr\/index.php?rest_route=%2Fwp%2Fv2%2Fmedia&parent=247737"}],"wp:term":[{"taxonomy":"category","embeddable":true,"href":"https:\/\/archive.sana.sy\/tr\/index.php?rest_route=%2Fwp%2Fv2%2Fcategories&post=247737"},{"taxonomy":"post_tag","embeddable":true,"href":"https:\/\/archive.sana.sy\/tr\/index.php?rest_route=%2Fwp%2Fv2%2Ftags&post=247737"}],"curies":[{"name":"wp","href":"https:\/\/api.w.org\/{rel}","templated":true}]}}