{"id":247740,"date":"2021-12-26T23:46:14","date_gmt":"2021-12-26T21:46:14","guid":{"rendered":"http:\/\/107.6.182.27\/tr\/?p=247740"},"modified":"2021-12-29T08:10:26","modified_gmt":"2021-12-29T06:10:26","slug":"nassib-gumruk-sekreterligi-eylul-ayinin-sonundan-bu-yana-5-300den-fazla-ihracat-kamyonu-gecti","status":"publish","type":"post","link":"https:\/\/archive.sana.sy\/tr\/?p=247740","title":{"rendered":"Nassib G\u00fcmr\u00fck Sekreterli\u011fi: Eyl\u00fcl Ay\u0131n\u0131n Sonundan Bu Yana 5.300&#8217;den Fazla \u0130hracat Kamyonu Ge\u00e7ti"},"content":{"rendered":"<p>\u015eAM \u2013 \u00dcrd\u00fcn ile Nassib s\u0131n\u0131r kap\u0131s\u0131ndan yap\u0131lan ihracat hacmi, ge\u00e7en Eyl\u00fcl ay\u0131n\u0131n sonunda yeniden ba\u015flamas\u0131ndan bug\u00fcne kadar \u00f6nemli \u00f6l\u00e7\u00fcde artt\u0131.<\/p>\n<p>Bu y\u0131l\u0131n son \u00e7eyre\u011finde s\u0131n\u0131r\u0131n g\u00fcmr\u00fck sekreterli\u011fini ge\u00e7en ihracat y\u00fckl\u00fc t\u0131r say\u0131s\u0131 g\u00fcnde 75 t\u0131r olmak \u00fczere 5.300&#8217;\u00fc a\u015fk\u0131n y\u00fck vagonuna ula\u015ft\u0131.<\/p>\n<p>Nassib G\u00fcmr\u00fck M\u00fcd\u00fcr\u00fc Huseyin Mustafa SANA\u2019ya yapt\u0131\u011f\u0131 a\u00e7\u0131klamada, bu y\u0131l\u0131n son \u00e7eyre\u011finde ihra\u00e7 edilen meyve hacminin sezona g\u00f6re 70.000 tonun \u00fczerinde ger\u00e7ekle\u015fti\u011fini, ihracat\u0131n en fazla meyve, plastik \u00fcr\u00fcnler ve \u00e7e\u015fitli g\u0131da maddeleri oldu\u011funu s\u00f6yledi.<\/p>\n<p>Mustafa&#8217;ya g\u00f6re, \u00e7al\u0131\u015fmaya ba\u015flamas\u0131ndan bu yana s\u0131n\u0131ra giren ithalat y\u00fckl\u00fc t\u0131r say\u0131s\u0131 g\u00fcnde 59 t\u0131r 4 bin t\u0131r\u0131 a\u015ft\u0131. Mustafa ayr\u0131ca, plastik gran\u00fcller, elektrik panolar\u0131, piller, kuma\u015flar ve iplikler de dahil olmak \u00fczere ithalat\u0131n \u00e7o\u011funun sanayi i\u00e7in hammadde oldu\u011funu belirtti.<\/p>\n<p>Y\u0131l ba\u015f\u0131ndan bu yana Nassib G\u00fcmr\u00fck Sekreterli\u011fi&#8217;ne kay\u0131tl\u0131 g\u00fcmr\u00fck ka\u00e7ak\u00e7\u0131l\u0131\u011f\u0131 vakalar\u0131n\u0131n say\u0131s\u0131, toplam tutar\u0131 5 bu\u00e7uk milyar liray\u0131 a\u015fan para cezas\u0131 olmak \u00fczere yakla\u015f\u0131k 220 vakaya ula\u015ft\u0131.<\/p>\n<p>Transit hareketle ilgili olarak Mustafa, y\u0131l\u0131n son \u00e7eyre\u011finde g\u00fcnl\u00fck giri\u015f yapan transit t\u0131r say\u0131s\u0131n\u0131n 22 t\u0131r oldu\u011funu, 33 t\u0131r\u0131n \u00e7\u0131k\u0131\u015f yapt\u0131\u011f\u0131n\u0131 kaydetti.<\/p>\n<p>P.M.<\/p>\n","protected":false},"excerpt":{"rendered":"<p>\u015eAM \u2013 \u00dcrd\u00fcn ile Nassib s\u0131n\u0131r kap\u0131s\u0131ndan yap\u0131lan ihracat hacmi, ge\u00e7en Eyl\u00fcl ay\u0131n\u0131n sonunda yeniden ba\u015flamas\u0131ndan bug\u00fcne kadar \u00f6nemli \u00f6l\u00e7\u00fcde artt\u0131. Bu y\u0131l\u0131n son \u00e7eyre\u011finde s\u0131n\u0131r\u0131n g\u00fcmr\u00fck sekreterli\u011fini ge\u00e7en ihracat y\u00fckl\u00fc t\u0131r say\u0131s\u0131 g\u00fcnde 75 t\u0131r olmak \u00fczere 5.300&#8217;\u00fc a\u015fk\u0131n y\u00fck vagonuna ula\u015ft\u0131. Nassib G\u00fcmr\u00fck M\u00fcd\u00fcr\u00fc Huseyin Mustafa SANA\u2019ya yapt\u0131\u011f\u0131 a\u00e7\u0131klamada, bu y\u0131l\u0131n son \u00e7eyre\u011finde &hellip;<\/p>\n","protected":false},"author":1,"featured_media":247741,"comment_status":"closed","ping_status":"closed","sticky":false,"template":"","format":"standard","meta":{"footnotes":""},"categories":[479,17988,478],"tags":[],"class_list":["post-247740","post","type-post","status-publish","format-standard","has-post-thumbnail","","category-haberler-yerel","category-son-haberler","category-yerel"],"_links":{"self":[{"href":"https:\/\/archive.sana.sy\/tr\/index.php?rest_route=\/wp\/v2\/posts\/247740","targetHints":{"allow":["GET"]}}],"collection":[{"href":"https:\/\/archive.sana.sy\/tr\/index.php?rest_route=\/wp\/v2\/posts"}],"about":[{"href":"https:\/\/archive.sana.sy\/tr\/index.php?rest_route=\/wp\/v2\/types\/post"}],"author":[{"embeddable":true,"href":"https:\/\/archive.sana.sy\/tr\/index.php?rest_route=\/wp\/v2\/users\/1"}],"replies":[{"embeddable":true,"href":"https:\/\/archive.sana.sy\/tr\/index.php?rest_route=%2Fwp%2Fv2%2Fcomments&post=247740"}],"version-history":[{"count":0,"href":"https:\/\/archive.sana.sy\/tr\/index.php?rest_route=\/wp\/v2\/posts\/247740\/revisions"}],"wp:featuredmedia":[{"embeddable":true,"href":"https:\/\/archive.sana.sy\/tr\/index.php?rest_route=\/wp\/v2\/media\/247741"}],"wp:attachment":[{"href":"https:\/\/archive.sana.sy\/tr\/index.php?rest_route=%2Fwp%2Fv2%2Fmedia&parent=247740"}],"wp:term":[{"taxonomy":"category","embeddable":true,"href":"https:\/\/archive.sana.sy\/tr\/index.php?rest_route=%2Fwp%2Fv2%2Fcategories&post=247740"},{"taxonomy":"post_tag","embeddable":true,"href":"https:\/\/archive.sana.sy\/tr\/index.php?rest_route=%2Fwp%2Fv2%2Ftags&post=247740"}],"curies":[{"name":"wp","href":"https:\/\/api.w.org\/{rel}","templated":true}]}}