{"id":247743,"date":"2021-12-26T23:47:19","date_gmt":"2021-12-26T21:47:19","guid":{"rendered":"http:\/\/107.6.182.27\/tr\/?p=247743"},"modified":"2021-12-29T08:10:44","modified_gmt":"2021-12-29T06:10:44","slug":"deyrezzzor-kentinde-isid-teroristlerinden-kalma-signakta-ucaksavar-fuzeleri","status":"publish","type":"post","link":"https:\/\/archive.sana.sy\/tr\/?p=247743","title":{"rendered":"Deyrezzzor Kentinde \u201cI\u015e\u0130D\u201d Ter\u00f6ristlerinden Kalma S\u0131\u011fnakta U\u00e7aksavar F\u00fczeleri"},"content":{"rendered":"<p>DEYEZZOR \u2013 Deyrezzor&#8217;daki yetkili makamlar, \u015fehrin Ebu Abed semtinde \u201cI\u015e\u0130D\u201d ter\u00f6ristleri taraf\u0131ndan patlay\u0131c\u0131 cihaz haz\u0131rlamak ve donatmak ve silah depolamak i\u00e7in kullan\u0131lan bir s\u0131\u011f\u0131nak ele ge\u00e7irdi.<\/p>\n<p>\u0130lde g\u00f6revli bir komutan bu ba\u011flamda SANA muhabirine yapt\u0131\u011f\u0131 a\u00e7\u0131klamada, &#8220;Deyrezzor kentinde halkla i\u015fbirli\u011fi i\u00e7inde, kurtar\u0131lan kentin mahallelerinde kapal\u0131 bir bodrum kat\u0131nda bir ter\u00f6r yuvas\u0131, i\u00e7inde itici \u015farjl\u0131 kanatl\u0131 f\u00fcze, uzun, k\u0131sa ve orta menzilli u\u00e7aksavar u\u00e7aklar\u0131 ele ge\u00e7irildi. f\u00fczeler, roketatarlar, patlay\u0131c\u0131 cihazlar, alt\u0131 deniz may\u0131n\u0131 ve \u00e7e\u015fitli tiplerde patlay\u0131c\u0131 sava\u015f ba\u015fl\u0131klar\u0131 bulundu\u201d dedi.<\/p>\n<p>Komutan, elektrikli olanlar da dahil olmak \u00fczere, uzaktan patlatma i\u00e7in patlay\u0131c\u0131 cihazlar i\u00e7in ba\u011flant\u0131lar, kablosuz ileti\u015fim cihazlar\u0131, ter\u00f6ristler aras\u0131ndaki ileti\u015fim i\u00e7in bir sinyal \u00fcreteci, patlay\u0131c\u0131 cihazlar\u0131 patlatmak i\u00e7in manuel olarak yeniden \u00fcretilen elektrikli cihazlar ve devreler ve saklanma yerinde bir kamera bulundu\u011funu belirtti.<\/p>\n<p>P.M.<\/p>\n","protected":false},"excerpt":{"rendered":"<p>DEYEZZOR \u2013 Deyrezzor&#8217;daki yetkili makamlar, \u015fehrin Ebu Abed semtinde \u201cI\u015e\u0130D\u201d ter\u00f6ristleri taraf\u0131ndan patlay\u0131c\u0131 cihaz haz\u0131rlamak ve donatmak ve silah depolamak i\u00e7in kullan\u0131lan bir s\u0131\u011f\u0131nak ele ge\u00e7irdi. \u0130lde g\u00f6revli bir komutan bu ba\u011flamda SANA muhabirine yapt\u0131\u011f\u0131 a\u00e7\u0131klamada, &#8220;Deyrezzor kentinde halkla i\u015fbirli\u011fi i\u00e7inde, kurtar\u0131lan kentin mahallelerinde kapal\u0131 bir bodrum kat\u0131nda bir ter\u00f6r yuvas\u0131, i\u00e7inde itici \u015farjl\u0131 kanatl\u0131 &hellip;<\/p>\n","protected":false},"author":1,"featured_media":247744,"comment_status":"closed","ping_status":"closed","sticky":false,"template":"","format":"standard","meta":{"footnotes":""},"categories":[596,479,575,17988,478],"tags":[],"class_list":["post-247743","post","type-post","status-publish","format-standard","has-post-thumbnail","","category-fotografli-raporlar","category-haberler-yerel","category-olaylar-ve-gercekler","category-son-haberler","category-yerel"],"_links":{"self":[{"href":"https:\/\/archive.sana.sy\/tr\/index.php?rest_route=\/wp\/v2\/posts\/247743","targetHints":{"allow":["GET"]}}],"collection":[{"href":"https:\/\/archive.sana.sy\/tr\/index.php?rest_route=\/wp\/v2\/posts"}],"about":[{"href":"https:\/\/archive.sana.sy\/tr\/index.php?rest_route=\/wp\/v2\/types\/post"}],"author":[{"embeddable":true,"href":"https:\/\/archive.sana.sy\/tr\/index.php?rest_route=\/wp\/v2\/users\/1"}],"replies":[{"embeddable":true,"href":"https:\/\/archive.sana.sy\/tr\/index.php?rest_route=%2Fwp%2Fv2%2Fcomments&post=247743"}],"version-history":[{"count":0,"href":"https:\/\/archive.sana.sy\/tr\/index.php?rest_route=\/wp\/v2\/posts\/247743\/revisions"}],"wp:featuredmedia":[{"embeddable":true,"href":"https:\/\/archive.sana.sy\/tr\/index.php?rest_route=\/wp\/v2\/media\/247744"}],"wp:attachment":[{"href":"https:\/\/archive.sana.sy\/tr\/index.php?rest_route=%2Fwp%2Fv2%2Fmedia&parent=247743"}],"wp:term":[{"taxonomy":"category","embeddable":true,"href":"https:\/\/archive.sana.sy\/tr\/index.php?rest_route=%2Fwp%2Fv2%2Fcategories&post=247743"},{"taxonomy":"post_tag","embeddable":true,"href":"https:\/\/archive.sana.sy\/tr\/index.php?rest_route=%2Fwp%2Fv2%2Ftags&post=247743"}],"curies":[{"name":"wp","href":"https:\/\/api.w.org\/{rel}","templated":true}]}}