{"id":247746,"date":"2021-12-27T12:38:15","date_gmt":"2021-12-27T10:38:15","guid":{"rendered":"http:\/\/107.6.182.27\/tr\/?p=247746"},"modified":"2021-12-29T08:10:53","modified_gmt":"2021-12-29T06:10:53","slug":"isgal-gucleri-bati-yakada-14-filistinliyi-tutukladi","status":"publish","type":"post","link":"https:\/\/archive.sana.sy\/tr\/?p=247746","title":{"rendered":"\u0130\u015fgal G\u00fc\u00e7leri Bat\u0131 Yaka\u2019da 14 Filistinliyi Tutuklad\u0131"},"content":{"rendered":"<p style=\"text-align: justify;\">\u0130\u015eGAL ALTINDAK\u0130 KUD\u00dcS \u2013 \u201c\u0130srail\u201d i\u015fgal g\u00fc\u00e7leri bug\u00fcn Bat\u0131 Yaka&#8217;n\u0131n farkl\u0131 b\u00f6lgelerinde on d\u00f6rt Filistinliyi tutuklad\u0131.<\/p>\n<p style=\"text-align: justify;\">Wafa haber ajans\u0131, i\u015fgal g\u00fc\u00e7lerinin Hebron&#8217;daki Ithna, Dura ve Beyt Ava kasabalar\u0131n\u0131, Ramallah&#8217;taki Deir Abu Mishaal ve Beit Liqya kasabalar\u0131n\u0131, Beyt\u00fcllahim&#8217;deki el Hader beldesini, Cenin&#8217;deki Silat el Harisiye ve Kalandiya kamp\u0131n\u0131 bast\u0131\u011f\u0131n\u0131 ve 14 Filistinliyi tutuklad\u0131klar\u0131n\u0131 belirtti.<\/p>\n<p style=\"text-align: justify;\">P.M.<\/p>\n","protected":false},"excerpt":{"rendered":"<p>\u0130\u015eGAL ALTINDAK\u0130 KUD\u00dcS \u2013 \u201c\u0130srail\u201d i\u015fgal g\u00fc\u00e7leri bug\u00fcn Bat\u0131 Yaka&#8217;n\u0131n farkl\u0131 b\u00f6lgelerinde on d\u00f6rt Filistinliyi tutuklad\u0131. Wafa haber ajans\u0131, i\u015fgal g\u00fc\u00e7lerinin Hebron&#8217;daki Ithna, Dura ve Beyt Ava kasabalar\u0131n\u0131, Ramallah&#8217;taki Deir Abu Mishaal ve Beit Liqya kasabalar\u0131n\u0131, Beyt\u00fcllahim&#8217;deki el Hader beldesini, Cenin&#8217;deki Silat el Harisiye ve Kalandiya kamp\u0131n\u0131 bast\u0131\u011f\u0131n\u0131 ve 14 Filistinliyi tutuklad\u0131klar\u0131n\u0131 belirtti. P.M.<\/p>\n","protected":false},"author":1,"featured_media":247747,"comment_status":"closed","ping_status":"closed","sticky":false,"template":"","format":"standard","meta":{"footnotes":""},"categories":[458,459,17988],"tags":[],"class_list":["post-247746","post","type-post","status-publish","format-standard","has-post-thumbnail","","category-dunya1","category-haberler-arap-uluslararasi-politika","category-son-haberler"],"_links":{"self":[{"href":"https:\/\/archive.sana.sy\/tr\/index.php?rest_route=\/wp\/v2\/posts\/247746","targetHints":{"allow":["GET"]}}],"collection":[{"href":"https:\/\/archive.sana.sy\/tr\/index.php?rest_route=\/wp\/v2\/posts"}],"about":[{"href":"https:\/\/archive.sana.sy\/tr\/index.php?rest_route=\/wp\/v2\/types\/post"}],"author":[{"embeddable":true,"href":"https:\/\/archive.sana.sy\/tr\/index.php?rest_route=\/wp\/v2\/users\/1"}],"replies":[{"embeddable":true,"href":"https:\/\/archive.sana.sy\/tr\/index.php?rest_route=%2Fwp%2Fv2%2Fcomments&post=247746"}],"version-history":[{"count":0,"href":"https:\/\/archive.sana.sy\/tr\/index.php?rest_route=\/wp\/v2\/posts\/247746\/revisions"}],"wp:featuredmedia":[{"embeddable":true,"href":"https:\/\/archive.sana.sy\/tr\/index.php?rest_route=\/wp\/v2\/media\/247747"}],"wp:attachment":[{"href":"https:\/\/archive.sana.sy\/tr\/index.php?rest_route=%2Fwp%2Fv2%2Fmedia&parent=247746"}],"wp:term":[{"taxonomy":"category","embeddable":true,"href":"https:\/\/archive.sana.sy\/tr\/index.php?rest_route=%2Fwp%2Fv2%2Fcategories&post=247746"},{"taxonomy":"post_tag","embeddable":true,"href":"https:\/\/archive.sana.sy\/tr\/index.php?rest_route=%2Fwp%2Fv2%2Ftags&post=247746"}],"curies":[{"name":"wp","href":"https:\/\/api.w.org\/{rel}","templated":true}]}}