{"id":247759,"date":"2021-12-27T17:35:43","date_gmt":"2021-12-27T15:35:43","guid":{"rendered":"http:\/\/107.6.182.27\/tr\/?p=247759"},"modified":"2021-12-29T08:12:03","modified_gmt":"2021-12-29T06:12:03","slug":"deyrezzorun-kuzeyinde-cok-sayida-dsg-militan-halk-gruplari-saldirilariyla-yaralandi","status":"publish","type":"post","link":"https:\/\/archive.sana.sy\/tr\/?p=247759","title":{"rendered":"Deyrezzor&#8217;un Kuzeyinde \u00c7ok Say\u0131da DSG Militan Halk Gruplar\u0131 Sald\u0131r\u0131lar\u0131yla Yaraland\u0131."},"content":{"rendered":"<p style=\"text-align: justify;\">DEYREZZOR &#8211; Deyrezzor&#8217;un kuzeyindeki Harafi yolunda arabalar\u0131n\u0131 hedef alan patlay\u0131c\u0131 bir cihazla pop\u00fcler gruplar\u0131n ger\u00e7ekle\u015ftirdi\u011fi sald\u0131r\u0131da Amerikan i\u015fgaliyle ba\u011flant\u0131l\u0131 \u00e7ok say\u0131da DSG milisi yaraland\u0131.<\/p>\n<p style=\"text-align: justify;\">Yerel kaynaklar SANA&#8217;ya a\u00e7\u0131klamalar\u0131nda, &#8220;DSG&#8221; milislerinin hemen ek kuvvetler \u00e7a\u011f\u0131rd\u0131\u011f\u0131n\u0131, patlama mahallini kordon alt\u0131na ald\u0131\u011f\u0131n\u0131 ve \u00e7ok say\u0131da yaral\u0131 silahl\u0131y\u0131 ambulanslarla naklettiklerini s\u00f6yledi.<\/p>\n","protected":false},"excerpt":{"rendered":"<p>DEYREZZOR &#8211; Deyrezzor&#8217;un kuzeyindeki Harafi yolunda arabalar\u0131n\u0131 hedef alan patlay\u0131c\u0131 bir cihazla pop\u00fcler gruplar\u0131n ger\u00e7ekle\u015ftirdi\u011fi sald\u0131r\u0131da Amerikan i\u015fgaliyle ba\u011flant\u0131l\u0131 \u00e7ok say\u0131da DSG milisi yaraland\u0131. Yerel kaynaklar SANA&#8217;ya a\u00e7\u0131klamalar\u0131nda, &#8220;DSG&#8221; milislerinin hemen ek kuvvetler \u00e7a\u011f\u0131rd\u0131\u011f\u0131n\u0131, patlama mahallini kordon alt\u0131na ald\u0131\u011f\u0131n\u0131 ve \u00e7ok say\u0131da yaral\u0131 silahl\u0131y\u0131 ambulanslarla naklettiklerini s\u00f6yledi.<\/p>\n","protected":false},"author":1,"featured_media":247760,"comment_status":"closed","ping_status":"closed","sticky":false,"template":"","format":"standard","meta":{"footnotes":""},"categories":[479,575,17988,478],"tags":[],"class_list":["post-247759","post","type-post","status-publish","format-standard","has-post-thumbnail","","category-haberler-yerel","category-olaylar-ve-gercekler","category-son-haberler","category-yerel"],"_links":{"self":[{"href":"https:\/\/archive.sana.sy\/tr\/index.php?rest_route=\/wp\/v2\/posts\/247759","targetHints":{"allow":["GET"]}}],"collection":[{"href":"https:\/\/archive.sana.sy\/tr\/index.php?rest_route=\/wp\/v2\/posts"}],"about":[{"href":"https:\/\/archive.sana.sy\/tr\/index.php?rest_route=\/wp\/v2\/types\/post"}],"author":[{"embeddable":true,"href":"https:\/\/archive.sana.sy\/tr\/index.php?rest_route=\/wp\/v2\/users\/1"}],"replies":[{"embeddable":true,"href":"https:\/\/archive.sana.sy\/tr\/index.php?rest_route=%2Fwp%2Fv2%2Fcomments&post=247759"}],"version-history":[{"count":0,"href":"https:\/\/archive.sana.sy\/tr\/index.php?rest_route=\/wp\/v2\/posts\/247759\/revisions"}],"wp:featuredmedia":[{"embeddable":true,"href":"https:\/\/archive.sana.sy\/tr\/index.php?rest_route=\/wp\/v2\/media\/247760"}],"wp:attachment":[{"href":"https:\/\/archive.sana.sy\/tr\/index.php?rest_route=%2Fwp%2Fv2%2Fmedia&parent=247759"}],"wp:term":[{"taxonomy":"category","embeddable":true,"href":"https:\/\/archive.sana.sy\/tr\/index.php?rest_route=%2Fwp%2Fv2%2Fcategories&post=247759"},{"taxonomy":"post_tag","embeddable":true,"href":"https:\/\/archive.sana.sy\/tr\/index.php?rest_route=%2Fwp%2Fv2%2Ftags&post=247759"}],"curies":[{"name":"wp","href":"https:\/\/api.w.org\/{rel}","templated":true}]}}