{"id":247765,"date":"2021-12-27T20:40:02","date_gmt":"2021-12-27T18:40:02","guid":{"rendered":"http:\/\/107.6.182.27\/tr\/?p=247765"},"modified":"2021-12-29T08:12:24","modified_gmt":"2021-12-29T06:12:24","slug":"isgalci-amerika-supheli-bugday-tohumlarini-ikinci-kez-suriye-topraklarina-geciriyor","status":"publish","type":"post","link":"https:\/\/archive.sana.sy\/tr\/?p=247765","title":{"rendered":"\u0130\u015fgalci Amerika \u015e\u00fcpheli Bu\u011fday Tohumlar\u0131n\u0131 \u0130kinci Kez Suriye Topraklar\u0131na Ge\u00e7iriyor"},"content":{"rendered":"<p style=\"text-align: justify;\">HASEKE &#8211; Amerikan i\u015fgal g\u00fc\u00e7leri taraf\u0131ndan desteklenen yasad\u0131\u015f\u0131 bir \u00f6rg\u00fct d\u00fcn, Suriye&#8217;nin el Cezire b\u00f6lgesi genelinde ekonomik yap\u0131lar\u0131 hedef alma ve stratejik mahsulleri sabote etme ba\u011flam\u0131nda, Haseke ilinin kuzeydo\u011fusundaki k\u00f6ylerde bir dizi \u00e7ift\u00e7iye d\u00fcn \u015f\u00fcpheli, bilinmeyen kaynakl\u0131 bu\u011fday tohumlar\u0131 da\u011f\u0131tt\u0131.<\/p>\n<p style=\"text-align: justify;\">Malikiye b\u00f6lgesindeki sivil kaynaklar SANA muhabirine verdi\u011fi deme\u00e7te, yasad\u0131\u015f\u0131 bir \u00f6rg\u00fct\u00fcn &#8220;DSG&#8221; milislerii\u015fbirli\u011fi i\u00e7inde ve Amerikan i\u015fgalinin denetimi alt\u0131nda Ayn Divar, Mazraat al-Nasara, Hub al Hava, Tal al Dahab, Ayn al Hadra al Cedide ve al \u011eamr k\u00f6ylerindeki \u00e7ift\u00e7ilere bu\u011fday tohumu da\u011f\u0131tt\u0131\u011f\u0131n\u0131 belirterek, da\u011f\u0131t\u0131m\u0131n bug\u00fcn Al Z\u00fcheyriye, Ayn Al Hadra ve S\u0131hhiye k\u00f6ylerinde da\u011f\u0131t\u0131lmas\u0131n\u0131n kararla\u015ft\u0131r\u0131ld\u0131\u011f\u0131 ard\u0131ndan da k\u00f6ylerin geri kalan\u0131 da\u011f\u0131t\u0131laca\u011f\u0131na dikkat \u00e7ekti.<\/p>\n<p style=\"text-align: justify;\">Kaynaklar, Amerikan i\u015fgal g\u00fc\u00e7lerinin, da\u011f\u0131t\u0131lan tohumlar\u0131n, hibrit bir bu\u011fday olmas\u0131na ve tar\u0131m zararl\u0131lar\u0131 i\u00e7ermesine ra\u011fmen, da\u011f\u0131t\u0131lan tohumlar\u0131n iyi ve kaliteli oldu\u011fu konusunda halk\u0131 yan\u0131ltarak, tar\u0131mda yava\u015f yava\u015f ortadan kald\u0131r\u0131lmas\u0131na yol a\u00e7t\u0131\u011f\u0131na dikkat \u00e7ekerek, yat\u0131r\u0131mdan gelen arazilerin gelecekte ekilemez hale gelmesi ve b\u00f6ylece Suriye adas\u0131nda ana stratejik mevsimi vurmak ve vatanda\u015flar i\u00e7in bir g\u0131da felaketi yaratmak oldu\u011funa dikkat \u00e7ekti.<\/p>\n<p style=\"text-align: justify;\">Haseke Tar\u0131m ve Tar\u0131m Reformu M\u00fcd\u00fcr\u00fc M\u00fchendis Said Cecci, SANA muhabirine yapt\u0131\u011f\u0131 a\u00e7\u0131klamada, d\u00fcn da\u011f\u0131t\u0131lan tohumlar\u0131n ge\u00e7ti\u011fimiz g\u00fcnlerde yasad\u0131\u015f\u0131 Al Velid Ge\u00e7idi&#8217;nden girdi\u011fini ve i\u015fgalin son iki ay i\u00e7inde men\u015fei bilinmeyen bu\u011fday tohumlar\u0131n\u0131 ikinci kez piyasaya s\u00fcrd\u00fc\u011f\u00fcn\u00fc belirterek, laboratuar analizlerinin ekim i\u00e7in uygun olmad\u0131\u011f\u0131n\u0131 g\u00f6sterdi\u011fi yerlerde, \u00e7\u00fcnk\u00fc bunlar\u0131n % 40&#8217;\u0131 tar\u0131m arazilerinde ya\u015fayan ve onlar\u0131 kal\u0131c\u0131 olarak yok eden \u201cNemitida\u201d zararl\u0131s\u0131 ile enfeksiyon i\u00e7erdi\u011fine dikkat \u00e7ekti.<\/p>\n<p style=\"text-align: justify;\">M\u00fch. Cecci, m\u00fcd\u00fcrl\u00fc\u011f\u00fcn yay\u0131m birimleri ve tar\u0131m departmanlar\u0131 arac\u0131l\u0131\u011f\u0131yla \u00e7e\u015fitli b\u00f6lgelerdeki \u00e7ift\u00e7ileri bu tohumlarla i\u015fbirli\u011fi ve ekim yapmamalar\u0131 konusunda uyaraca\u011f\u0131n\u0131 \u00e7\u00fcnk\u00fc b\u00f6lgedeki tar\u0131m\u0131 nihai \u015fekilde bitirmeyi hedefledi\u011fini belirterek, men\u015fei bilinmeyen tohum almamalar\u0131 konusunda t\u00fcm \u00e7ift\u00e7ileri uyard\u0131.<\/p>\n","protected":false},"excerpt":{"rendered":"<p>HASEKE &#8211; Amerikan i\u015fgal g\u00fc\u00e7leri taraf\u0131ndan desteklenen yasad\u0131\u015f\u0131 bir \u00f6rg\u00fct d\u00fcn, Suriye&#8217;nin el Cezire b\u00f6lgesi genelinde ekonomik yap\u0131lar\u0131 hedef alma ve stratejik mahsulleri sabote etme ba\u011flam\u0131nda, Haseke ilinin kuzeydo\u011fusundaki k\u00f6ylerde bir dizi \u00e7ift\u00e7iye d\u00fcn \u015f\u00fcpheli, bilinmeyen kaynakl\u0131 bu\u011fday tohumlar\u0131 da\u011f\u0131tt\u0131. Malikiye b\u00f6lgesindeki sivil kaynaklar SANA muhabirine verdi\u011fi deme\u00e7te, yasad\u0131\u015f\u0131 bir \u00f6rg\u00fct\u00fcn &#8220;DSG&#8221; milislerii\u015fbirli\u011fi i\u00e7inde ve &hellip;<\/p>\n","protected":false},"author":1,"featured_media":247766,"comment_status":"closed","ping_status":"closed","sticky":false,"template":"","format":"standard","meta":{"footnotes":""},"categories":[479,17988,478],"tags":[],"class_list":["post-247765","post","type-post","status-publish","format-standard","has-post-thumbnail","","category-haberler-yerel","category-son-haberler","category-yerel"],"_links":{"self":[{"href":"https:\/\/archive.sana.sy\/tr\/index.php?rest_route=\/wp\/v2\/posts\/247765","targetHints":{"allow":["GET"]}}],"collection":[{"href":"https:\/\/archive.sana.sy\/tr\/index.php?rest_route=\/wp\/v2\/posts"}],"about":[{"href":"https:\/\/archive.sana.sy\/tr\/index.php?rest_route=\/wp\/v2\/types\/post"}],"author":[{"embeddable":true,"href":"https:\/\/archive.sana.sy\/tr\/index.php?rest_route=\/wp\/v2\/users\/1"}],"replies":[{"embeddable":true,"href":"https:\/\/archive.sana.sy\/tr\/index.php?rest_route=%2Fwp%2Fv2%2Fcomments&post=247765"}],"version-history":[{"count":0,"href":"https:\/\/archive.sana.sy\/tr\/index.php?rest_route=\/wp\/v2\/posts\/247765\/revisions"}],"wp:featuredmedia":[{"embeddable":true,"href":"https:\/\/archive.sana.sy\/tr\/index.php?rest_route=\/wp\/v2\/media\/247766"}],"wp:attachment":[{"href":"https:\/\/archive.sana.sy\/tr\/index.php?rest_route=%2Fwp%2Fv2%2Fmedia&parent=247765"}],"wp:term":[{"taxonomy":"category","embeddable":true,"href":"https:\/\/archive.sana.sy\/tr\/index.php?rest_route=%2Fwp%2Fv2%2Fcategories&post=247765"},{"taxonomy":"post_tag","embeddable":true,"href":"https:\/\/archive.sana.sy\/tr\/index.php?rest_route=%2Fwp%2Fv2%2Ftags&post=247765"}],"curies":[{"name":"wp","href":"https:\/\/api.w.org\/{rel}","templated":true}]}}