{"id":247768,"date":"2021-12-28T09:02:55","date_gmt":"2021-12-28T07:02:55","guid":{"rendered":"http:\/\/107.6.182.27\/tr\/?p=247768"},"modified":"2021-12-29T08:12:35","modified_gmt":"2021-12-29T06:12:35","slug":"israil-saldirisi-lazkiye-ticari-limanindaki-konteynir-sahasini-hedef-aldi-video","status":"publish","type":"post","link":"https:\/\/archive.sana.sy\/tr\/?p=247768","title":{"rendered":"\u0130srail Sald\u0131r\u0131s\u0131 Lazkiye Ticari Liman\u0131ndaki Konteyn\u0131r Sahas\u0131n\u0131 Hedef Ald\u0131 &#8211; Video"},"content":{"rendered":"<p style=\"text-align: justify;\">LAZK\u0130YE &#8211; \u0130srail i\u015fgal varl\u0131\u011f\u0131, Lazkiye&#8217;deki ticari limandaki konteyner sahas\u0131na f\u00fcze sald\u0131r\u0131s\u0131 d\u00fczenledi.<\/p>\n<p style=\"text-align: justify;\">Askeri bir kaynak SANA&#8217;ya yapt\u0131\u011f\u0131 a\u00e7\u0131klamada, bug\u00fcn sabah saat 03:21 s\u0131ralar\u0131nda d\u00fc\u015fman \u0130srail&#8217;in Lazkiye&#8217;nin bat\u0131s\u0131nda Akdeniz&#8217;in derinliklerinden roketlerle Lazkiye&#8217;deki ticari limandaki konteyner deposunu hedef ald\u0131\u011f\u0131 bir hava sald\u0131r\u0131s\u0131 d\u00fczenledi\u011fini s\u00f6yledi.<\/p>\n<p style=\"text-align: justify;\">Kaynak, \u0130srail sald\u0131r\u0131s\u0131n\u0131n b\u00f6lgede yang\u0131nlar\u0131n \u00e7\u0131kmas\u0131na ve b\u00fcy\u00fck maddi hasara yol a\u00e7t\u0131\u011f\u0131na dikkati \u00e7ekerek, yang\u0131nlar\u0131n s\u00f6nd\u00fcr\u00fclmesi ve sald\u0131r\u0131n\u0131n sonu\u00e7lar\u0131n\u0131n kontrol edilmesi i\u00e7in \u00e7al\u0131\u015fmalar\u0131n devam etti\u011fi belirtildi.<\/p>\n<p style=\"text-align: justify;\">Ayr\u0131ca Lazkiye \u0130tfaiye Komutan\u0131 Binba\u015f\u0131 Muhannad Cafer, SANA muhabirine yapt\u0131\u011f\u0131 a\u00e7\u0131klamada, itfaiye ekiplerinin \u0130srail sald\u0131r\u0131s\u0131 sonucu limandaki konteyner sahas\u0131nda yanan ate\u015fleri s\u00f6nd\u00fcrmek i\u00e7in \u00e7al\u0131\u015fmalar\u0131n\u0131 s\u00fcrd\u00fcrd\u00fc\u011f\u00fcn\u00fc belirterek, hedeflenen konteynerlerin, ara\u00e7 ya\u011flar\u0131 ve yedek par\u00e7alardan ibaret oldu\u011funu s\u00e7yledi.<\/p>\n<p style=\"text-align: justify;\">Bu kapsamda Lazkiye&#8217;deki SANA muhabiri, \u0130srail sald\u0131r\u0131s\u0131 sonucunda Al Nada Hastanesi ile limana biti\u015fik baz\u0131 bina ve d\u00fckkanlar\u0131n hasar g\u00f6rd\u00fc\u011f\u00fcn\u00fc belirtti.<\/p>\n","protected":false},"excerpt":{"rendered":"<p>LAZK\u0130YE &#8211; \u0130srail i\u015fgal varl\u0131\u011f\u0131, Lazkiye&#8217;deki ticari limandaki konteyner sahas\u0131na f\u00fcze sald\u0131r\u0131s\u0131 d\u00fczenledi. Askeri bir kaynak SANA&#8217;ya yapt\u0131\u011f\u0131 a\u00e7\u0131klamada, bug\u00fcn sabah saat 03:21 s\u0131ralar\u0131nda d\u00fc\u015fman \u0130srail&#8217;in Lazkiye&#8217;nin bat\u0131s\u0131nda Akdeniz&#8217;in derinliklerinden roketlerle Lazkiye&#8217;deki ticari limandaki konteyner deposunu hedef ald\u0131\u011f\u0131 bir hava sald\u0131r\u0131s\u0131 d\u00fczenledi\u011fini s\u00f6yledi. Kaynak, \u0130srail sald\u0131r\u0131s\u0131n\u0131n b\u00f6lgede yang\u0131nlar\u0131n \u00e7\u0131kmas\u0131na ve b\u00fcy\u00fck maddi hasara yol a\u00e7t\u0131\u011f\u0131na &hellip;<\/p>\n","protected":false},"author":1,"featured_media":247769,"comment_status":"closed","ping_status":"closed","sticky":false,"template":"","format":"standard","meta":{"footnotes":""},"categories":[479,575,17988,478],"tags":[],"class_list":["post-247768","post","type-post","status-publish","format-standard","has-post-thumbnail","","category-haberler-yerel","category-olaylar-ve-gercekler","category-son-haberler","category-yerel"],"_links":{"self":[{"href":"https:\/\/archive.sana.sy\/tr\/index.php?rest_route=\/wp\/v2\/posts\/247768","targetHints":{"allow":["GET"]}}],"collection":[{"href":"https:\/\/archive.sana.sy\/tr\/index.php?rest_route=\/wp\/v2\/posts"}],"about":[{"href":"https:\/\/archive.sana.sy\/tr\/index.php?rest_route=\/wp\/v2\/types\/post"}],"author":[{"embeddable":true,"href":"https:\/\/archive.sana.sy\/tr\/index.php?rest_route=\/wp\/v2\/users\/1"}],"replies":[{"embeddable":true,"href":"https:\/\/archive.sana.sy\/tr\/index.php?rest_route=%2Fwp%2Fv2%2Fcomments&post=247768"}],"version-history":[{"count":0,"href":"https:\/\/archive.sana.sy\/tr\/index.php?rest_route=\/wp\/v2\/posts\/247768\/revisions"}],"wp:featuredmedia":[{"embeddable":true,"href":"https:\/\/archive.sana.sy\/tr\/index.php?rest_route=\/wp\/v2\/media\/247769"}],"wp:attachment":[{"href":"https:\/\/archive.sana.sy\/tr\/index.php?rest_route=%2Fwp%2Fv2%2Fmedia&parent=247768"}],"wp:term":[{"taxonomy":"category","embeddable":true,"href":"https:\/\/archive.sana.sy\/tr\/index.php?rest_route=%2Fwp%2Fv2%2Fcategories&post=247768"},{"taxonomy":"post_tag","embeddable":true,"href":"https:\/\/archive.sana.sy\/tr\/index.php?rest_route=%2Fwp%2Fv2%2Ftags&post=247768"}],"curies":[{"name":"wp","href":"https:\/\/api.w.org\/{rel}","templated":true}]}}