{"id":247771,"date":"2021-12-28T12:11:38","date_gmt":"2021-12-28T10:11:38","guid":{"rendered":"http:\/\/107.6.182.27\/tr\/?p=247771"},"modified":"2021-12-29T08:12:49","modified_gmt":"2021-12-29T06:12:49","slug":"isgalci-turkiyenin-kiraliklari-afrinde-tarihi-eserleri-cikararak-turkiyeye-kaciriyor","status":"publish","type":"post","link":"https:\/\/archive.sana.sy\/tr\/?p=247771","title":{"rendered":"\u0130\u015fgalci T\u00fcrkiye&#8217;nin Kiral\u0131klar\u0131 Afrin&#8217;de Tarihi Eserleri \u00c7\u0131kararak T\u00fcrkiye&#8217;ye Ka\u00e7\u0131r\u0131yor"},"content":{"rendered":"<p style=\"text-align: justify;\">HALEP &#8211; Halep&#8217;in kuzeyinde, i\u015fgal alt\u0131ndaki Afrin kenti yak\u0131nlar\u0131nda do\u011frudan T\u00fcrk istihbarat\u0131 g\u00f6zetiminde tarihi eserler i\u00e7in yeni bir kaz\u0131 i\u015flemi ba\u015flatan i\u015fgalci T\u00fcrkiye&#8217;nin kiral\u0131klar\u0131, Suriye miras\u0131na kar\u015f\u0131 organize su\u00e7 uygulamalar\u0131n\u0131 s\u00fcrd\u00fcr\u00fcyor.<\/p>\n<p style=\"text-align: justify;\">Sivil kaynaklar SANA&#8217;ya verdi\u011fi deme\u00e7te, T\u00fcrk i\u015fgal kuvvetlerine ba\u011fl\u0131 s\u00f6zde &#8220;Milli Ordu&#8221; ter\u00f6ristlerinin, Afrin kentinin kuzeyindeki Kamaruk k\u00f6y\u00fc yak\u0131nlar\u0131ndaki arkeolojik Tel Abush&#8217;ta tarihi eser ve buluntular\u0131 aramak i\u00e7in yeniden kazma ve buldozer operasyonlar\u0131na ba\u015flad\u0131\u011f\u0131n\u0131 s\u00f6yledi. Bu kaz\u0131 eylemlerini b\u00f6lgede kendilerine destek veren ve kaz\u0131lar\u0131 do\u011frudan denetleyen T\u00fcrk i\u015fgalinin sa\u011flad\u0131\u011f\u0131 modern ekipmanlarla yapt\u0131klar\u0131n\u0131 ifade ettiler.<\/p>\n","protected":false},"excerpt":{"rendered":"<p>HALEP &#8211; Halep&#8217;in kuzeyinde, i\u015fgal alt\u0131ndaki Afrin kenti yak\u0131nlar\u0131nda do\u011frudan T\u00fcrk istihbarat\u0131 g\u00f6zetiminde tarihi eserler i\u00e7in yeni bir kaz\u0131 i\u015flemi ba\u015flatan i\u015fgalci T\u00fcrkiye&#8217;nin kiral\u0131klar\u0131, Suriye miras\u0131na kar\u015f\u0131 organize su\u00e7 uygulamalar\u0131n\u0131 s\u00fcrd\u00fcr\u00fcyor. Sivil kaynaklar SANA&#8217;ya verdi\u011fi deme\u00e7te, T\u00fcrk i\u015fgal kuvvetlerine ba\u011fl\u0131 s\u00f6zde &#8220;Milli Ordu&#8221; ter\u00f6ristlerinin, Afrin kentinin kuzeyindeki Kamaruk k\u00f6y\u00fc yak\u0131nlar\u0131ndaki arkeolojik Tel Abush&#8217;ta tarihi eser &hellip;<\/p>\n","protected":false},"author":1,"featured_media":247772,"comment_status":"closed","ping_status":"closed","sticky":false,"template":"","format":"standard","meta":{"footnotes":""},"categories":[479,17988,2554,2555,478],"tags":[],"class_list":["post-247771","post","type-post","status-publish","format-standard","has-post-thumbnail","","category-haberler-yerel","category-son-haberler","category-suriye-ve-dunya","category-suriye-ve-turkiye","category-yerel"],"_links":{"self":[{"href":"https:\/\/archive.sana.sy\/tr\/index.php?rest_route=\/wp\/v2\/posts\/247771","targetHints":{"allow":["GET"]}}],"collection":[{"href":"https:\/\/archive.sana.sy\/tr\/index.php?rest_route=\/wp\/v2\/posts"}],"about":[{"href":"https:\/\/archive.sana.sy\/tr\/index.php?rest_route=\/wp\/v2\/types\/post"}],"author":[{"embeddable":true,"href":"https:\/\/archive.sana.sy\/tr\/index.php?rest_route=\/wp\/v2\/users\/1"}],"replies":[{"embeddable":true,"href":"https:\/\/archive.sana.sy\/tr\/index.php?rest_route=%2Fwp%2Fv2%2Fcomments&post=247771"}],"version-history":[{"count":0,"href":"https:\/\/archive.sana.sy\/tr\/index.php?rest_route=\/wp\/v2\/posts\/247771\/revisions"}],"wp:featuredmedia":[{"embeddable":true,"href":"https:\/\/archive.sana.sy\/tr\/index.php?rest_route=\/wp\/v2\/media\/247772"}],"wp:attachment":[{"href":"https:\/\/archive.sana.sy\/tr\/index.php?rest_route=%2Fwp%2Fv2%2Fmedia&parent=247771"}],"wp:term":[{"taxonomy":"category","embeddable":true,"href":"https:\/\/archive.sana.sy\/tr\/index.php?rest_route=%2Fwp%2Fv2%2Fcategories&post=247771"},{"taxonomy":"post_tag","embeddable":true,"href":"https:\/\/archive.sana.sy\/tr\/index.php?rest_route=%2Fwp%2Fv2%2Ftags&post=247771"}],"curies":[{"name":"wp","href":"https:\/\/api.w.org\/{rel}","templated":true}]}}