{"id":24778,"date":"2015-02-24T21:07:01","date_gmt":"2015-02-24T19:07:01","guid":{"rendered":"http:\/\/www.sana.sy\/tr\/?p=24778"},"modified":"2015-02-25T09:44:24","modified_gmt":"2015-02-25T07:44:24","slug":"ulbi-valilik-insani-yardim-calismalarini-kolaylastirmaya-ve-desteklemeye-onem-veriyor","status":"publish","type":"post","link":"https:\/\/archive.sana.sy\/tr\/?p=24778","title":{"rendered":"Ulebi: Valilik \u0130nsani Yard\u0131m \u00c7al\u0131\u015fmalar\u0131n\u0131 Kolayla\u015ft\u0131rma ve Desteklemeye \u00d6nem Veriyor"},"content":{"rendered":"<p>HALEP \u2013 Halep Valisi Muhammet Mervan Ulebi, Valili\u011fin insani yard\u0131m \u00e7al\u0131\u015fmalar\u0131n\u0131 kolayla\u015ft\u0131rma ve yard\u0131mlar\u0131n ihtiya\u00e7 sahiplerine ula\u015ft\u0131r\u0131lmas\u0131 i\u00e7in gerekli deste\u011fi sa\u011flamaya b\u00fcy\u00fck bir \u00f6nem verdi\u011fini dile getirdi.<\/p>\n<p>Uluslararas\u0131 K\u0131z\u0131lha\u00e7 \u00d6rg\u00fct\u00fc Heyeti Ba\u015fkan\u0131 Beatrice Oxley ile bug\u00fcn bir araya gelen Ulebi; Halep\u2019de insani yard\u0131m \u00e7al\u0131\u015fmalar\u0131n\u0131n durumu ve bu \u00e7al\u0131\u015fmalar\u0131 destekleme y\u00f6ntemlerini inceledi.<\/p>\n<p>Uluslararas\u0131 K\u0131z\u0131lha\u00e7 \u00d6rg\u00fct\u00fcn\u00fcn ihtiya\u00e7 sahiplerine insani yard\u0131m ula\u015ft\u0131rmak i\u00e7in harcad\u0131klar\u0131 \u00e7abalar\u0131 takdirle kar\u015f\u0131lad\u0131\u011f\u0131n\u0131 ifade eden Ulebi; Halep\u2019te en \u00e7ok s\u0131k\u0131nt\u0131n\u0131n i\u00e7me suyu temini ve kuyular\u0131n haz\u0131rlanmas\u0131 konular\u0131nda meydana geldi\u011fini belirtti.<\/p>\n<p>\u00d6te yandan K\u0131z\u0131lha\u00e7 \u00d6rg\u00fct\u00fcn\u00fcn ihtiya\u00e7 sahiplerine insani yard\u0131m ula\u015ft\u0131rmaya b\u00fcy\u00fck bir \u00f6nem verdi\u011fini dile getiren Oxley; \u00f6rg\u00fct\u00fcn en b\u00fcy\u00fck yard\u0131m b\u00fct\u00e7esini Suriye i\u00e7in haz\u0131rlad\u0131\u011f\u0131n\u0131 ifade etti.<\/p>\n<p>F.B. &#8211; M.M. &#8211; S.\u015e<\/p>\n","protected":false},"excerpt":{"rendered":"<p>HALEP \u2013 Halep Valisi Muhammet Mervan Ulebi, Valili\u011fin insani yard\u0131m \u00e7al\u0131\u015fmalar\u0131n\u0131 kolayla\u015ft\u0131rma ve yard\u0131mlar\u0131n ihtiya\u00e7 sahiplerine ula\u015ft\u0131r\u0131lmas\u0131 i\u00e7in gerekli deste\u011fi sa\u011flamaya b\u00fcy\u00fck bir \u00f6nem verdi\u011fini dile getirdi. Uluslararas\u0131 K\u0131z\u0131lha\u00e7 \u00d6rg\u00fct\u00fc Heyeti Ba\u015fkan\u0131 Beatrice Oxley ile bug\u00fcn bir araya gelen Ulebi; Halep\u2019de insani yard\u0131m \u00e7al\u0131\u015fmalar\u0131n\u0131n durumu ve bu \u00e7al\u0131\u015fmalar\u0131 destekleme y\u00f6ntemlerini inceledi. Uluslararas\u0131 K\u0131z\u0131lha\u00e7 \u00d6rg\u00fct\u00fcn\u00fcn ihtiya\u00e7 &hellip;<\/p>\n","protected":false},"author":1,"featured_media":24779,"comment_status":"closed","ping_status":"closed","sticky":false,"template":"","format":"standard","meta":{"footnotes":""},"categories":[479,478],"tags":[11829],"class_list":["post-24778","post","type-post","status-publish","format-standard","has-post-thumbnail","","category-haberler-yerel","category-yerel","tag-ulebi-valilik-insani-yardim-calismalarini-kolaylastirma-ve-desteklemeye-onem-veriyor"],"_links":{"self":[{"href":"https:\/\/archive.sana.sy\/tr\/index.php?rest_route=\/wp\/v2\/posts\/24778","targetHints":{"allow":["GET"]}}],"collection":[{"href":"https:\/\/archive.sana.sy\/tr\/index.php?rest_route=\/wp\/v2\/posts"}],"about":[{"href":"https:\/\/archive.sana.sy\/tr\/index.php?rest_route=\/wp\/v2\/types\/post"}],"author":[{"embeddable":true,"href":"https:\/\/archive.sana.sy\/tr\/index.php?rest_route=\/wp\/v2\/users\/1"}],"replies":[{"embeddable":true,"href":"https:\/\/archive.sana.sy\/tr\/index.php?rest_route=%2Fwp%2Fv2%2Fcomments&post=24778"}],"version-history":[{"count":0,"href":"https:\/\/archive.sana.sy\/tr\/index.php?rest_route=\/wp\/v2\/posts\/24778\/revisions"}],"wp:featuredmedia":[{"embeddable":true,"href":"https:\/\/archive.sana.sy\/tr\/index.php?rest_route=\/wp\/v2\/media\/24779"}],"wp:attachment":[{"href":"https:\/\/archive.sana.sy\/tr\/index.php?rest_route=%2Fwp%2Fv2%2Fmedia&parent=24778"}],"wp:term":[{"taxonomy":"category","embeddable":true,"href":"https:\/\/archive.sana.sy\/tr\/index.php?rest_route=%2Fwp%2Fv2%2Fcategories&post=24778"},{"taxonomy":"post_tag","embeddable":true,"href":"https:\/\/archive.sana.sy\/tr\/index.php?rest_route=%2Fwp%2Fv2%2Ftags&post=24778"}],"curies":[{"name":"wp","href":"https:\/\/api.w.org\/{rel}","templated":true}]}}