{"id":247780,"date":"2021-12-28T12:17:42","date_gmt":"2021-12-28T10:17:42","guid":{"rendered":"http:\/\/107.6.182.27\/tr\/?p=247780"},"modified":"2021-12-29T08:13:20","modified_gmt":"2021-12-29T06:13:20","slug":"enformasyon-bakanligi-ve-sanatcilar-sendikasi-suriyeli-sanatci-muhammed-el-sammatin-vefat-ettigini-ilan-etti","status":"publish","type":"post","link":"https:\/\/archive.sana.sy\/tr\/?p=247780","title":{"rendered":"Enformasyon Bakanl\u0131\u011f\u0131 ve Sanat\u00e7\u0131lar Sendikas\u0131, Suriyeli Sanat\u00e7\u0131 Muhammed El \u015eammat&#8217;\u0131n Vefat Etti\u011fini \u0130lan Etti"},"content":{"rendered":"<p>\u015eAM &#8211; Enformasyon Bakanl\u0131\u011f\u0131 ve Sanat\u00e7\u0131lar Sendikas\u0131, d\u00fcn ak\u015fam seksen be\u015f ya\u015f\u0131nda Amerika Birle\u015fik Devletleri&#8217;ndeki tedavi yolculu\u011fu s\u0131ras\u0131nda vefat eden sanat\u00e7\u0131 Muhammed Al \u015eammat&#8217;\u0131n y\u0131llar \u00f6nce ba\u015f\u0131na gelen a\u011f\u0131r sa\u011fl\u0131k krizi nedeniyle vefat etti\u011fini ilan etti.<\/p>\n<p>1936&#8217;da \u015eam&#8217;da do\u011fan merhum sanat\u00e7\u0131, ge\u00e7en y\u00fczy\u0131l\u0131n ellili ve altm\u0131\u015fl\u0131 y\u0131llar\u0131nda Suriye sahnelerinde faaliyet g\u00f6steren \u00f6zel tiyatro gruplar\u0131 ve sanat kul\u00fcplerinde erken ya\u015flarda \u00e7al\u0131\u015fm\u0131\u015f ve Suriye tiyatrosunun y\u0131ld\u0131zlar\u0131yla dikkat \u00e7ekici bir varl\u0131k elde etmi\u015ftir. Abdullatif Fethi ve Mahmud Cebr gibi komedi sanat\u00e7\u0131lar\u0131yla daha sonra kuruldu\u011funda Ulusal Tiyatro&#8217;ya kat\u0131lm\u0131\u015f ge\u00e7en y\u00fczy\u0131l\u0131n altm\u0131\u015fl\u0131 y\u0131llar\u0131nda bir\u00e7ok \u00e7al\u0131\u015fmaya kat\u0131lm\u0131\u015ft\u0131r.<\/p>\n<p>Al \u015eammat&#8217;\u0131n sanatsal kariyerindeki en belirgin at\u0131l\u0131m\u0131, D\u00fcred Lahham (\u011eavvar el To\u015fe) ve merhum Nihad Kal&#8217;i (H\u00fcsn\u00fc Borazan)&#8217;\u0131n oynad\u0131\u011f\u0131 \u201cSahha El Nevm\u201d dizisine kat\u0131lmas\u0131 ve bu dizide ald\u0131\u011f\u0131 Ebu Riyah karakteriyle televizyon, tiyatro ve sinema \u00fczerine yapt\u0131\u011f\u0131 di\u011fer \u00e7al\u0131\u015fmalar\u0131nda tekrarlad\u0131\u011f\u0131 karakter isimlendirmesini tarihe yazd\u0131rm\u0131\u015ft\u0131r.<\/p>\n<p>1998 y\u0131l\u0131nda ge\u00e7irdi\u011fi fel\u00e7 sonras\u0131 sa\u011fl\u0131k krizleri ya\u015famaya ba\u015flayan ve uzun bir tedavi s\u00fcrecinden sonra \u015fifa bulan Al \u015eammat, \u00f6zellikle \u015eam \u00e7evresi konulu diziler ba\u015fta olmak \u00fczere dramaya g\u00fc\u00e7l\u00fc bir \u015fekilde geri d\u00f6nm\u00fc\u015f ve Bessam El Mulla&#8217;n\u0131n y\u00f6netti\u011fi Bab Al-Hara&#8217;n\u0131n \u00e7o\u011fu b\u00f6l\u00fcm\u00fcnde rol ald\u0131. Ebu Riyah karakteri ile bir\u00e7ok \u00f6zellikte kesi\u015fen Sebzeci Ebu Merzuk karakterini oynam\u0131\u015ft\u0131r.<\/p>\n<p>Abdullatif Fethi ile &#8220;Gel G\u00fclelim&#8221; Mahmud Cebr ile &#8220;\u0130ki Topla Kibrit&#8221; dramada &#8220;El Kasr Mahallesi&#8221;, t\u00fcm b\u00f6l\u00fcmleriyle&#8221;Sahh El Nevm&#8221; dizisi, &#8220;Vadi Al Misk&#8221;, &#8220;Sevgili Damat&#8221;, &#8220;D\u00fcnya Komik ve A\u011flat\u0131c\u0131&#8221;, &#8220;Yasin Tours&#8221;, &#8220;Al Havali&#8221;, &#8220;Leyali Al Salihiyye&#8221;, &#8220;Liderin K\u00fcrs\u00fcs\u00fc&#8221;, &#8220;Bab Al Hara&#8221;, sinemada &#8220;Sahh Al Nevm filmi&#8221;, &#8220;Meydan Okuman\u0131n D\u00fc\u011f\u00fcn\u00fc&#8221;, &#8220;E\u015fler Kay\u0131p Oldu\u011funda&#8221; ve &#8220;\u011eavvar James Bond&#8221; filmleri merhumun ba\u015fl\u0131ca eserleridir.<\/p>\n","protected":false},"excerpt":{"rendered":"<p>\u015eAM &#8211; Enformasyon Bakanl\u0131\u011f\u0131 ve Sanat\u00e7\u0131lar Sendikas\u0131, d\u00fcn ak\u015fam seksen be\u015f ya\u015f\u0131nda Amerika Birle\u015fik Devletleri&#8217;ndeki tedavi yolculu\u011fu s\u0131ras\u0131nda vefat eden sanat\u00e7\u0131 Muhammed Al \u015eammat&#8217;\u0131n y\u0131llar \u00f6nce ba\u015f\u0131na gelen a\u011f\u0131r sa\u011fl\u0131k krizi nedeniyle vefat etti\u011fini ilan etti. 1936&#8217;da \u015eam&#8217;da do\u011fan merhum sanat\u00e7\u0131, ge\u00e7en y\u00fczy\u0131l\u0131n ellili ve altm\u0131\u015fl\u0131 y\u0131llar\u0131nda Suriye sahnelerinde faaliyet g\u00f6steren \u00f6zel tiyatro gruplar\u0131 ve &hellip;<\/p>\n","protected":false},"author":1,"featured_media":247781,"comment_status":"closed","ping_status":"closed","sticky":false,"template":"","format":"standard","meta":{"footnotes":""},"categories":[526,479,17988,525,478],"tags":[],"class_list":["post-247780","post","type-post","status-publish","format-standard","has-post-thumbnail","","category-haber-ve-raporlar","category-haberler-yerel","category-son-haberler","category-toplum","category-yerel"],"_links":{"self":[{"href":"https:\/\/archive.sana.sy\/tr\/index.php?rest_route=\/wp\/v2\/posts\/247780","targetHints":{"allow":["GET"]}}],"collection":[{"href":"https:\/\/archive.sana.sy\/tr\/index.php?rest_route=\/wp\/v2\/posts"}],"about":[{"href":"https:\/\/archive.sana.sy\/tr\/index.php?rest_route=\/wp\/v2\/types\/post"}],"author":[{"embeddable":true,"href":"https:\/\/archive.sana.sy\/tr\/index.php?rest_route=\/wp\/v2\/users\/1"}],"replies":[{"embeddable":true,"href":"https:\/\/archive.sana.sy\/tr\/index.php?rest_route=%2Fwp%2Fv2%2Fcomments&post=247780"}],"version-history":[{"count":0,"href":"https:\/\/archive.sana.sy\/tr\/index.php?rest_route=\/wp\/v2\/posts\/247780\/revisions"}],"wp:featuredmedia":[{"embeddable":true,"href":"https:\/\/archive.sana.sy\/tr\/index.php?rest_route=\/wp\/v2\/media\/247781"}],"wp:attachment":[{"href":"https:\/\/archive.sana.sy\/tr\/index.php?rest_route=%2Fwp%2Fv2%2Fmedia&parent=247780"}],"wp:term":[{"taxonomy":"category","embeddable":true,"href":"https:\/\/archive.sana.sy\/tr\/index.php?rest_route=%2Fwp%2Fv2%2Fcategories&post=247780"},{"taxonomy":"post_tag","embeddable":true,"href":"https:\/\/archive.sana.sy\/tr\/index.php?rest_route=%2Fwp%2Fv2%2Ftags&post=247780"}],"curies":[{"name":"wp","href":"https:\/\/api.w.org\/{rel}","templated":true}]}}