{"id":247786,"date":"2021-12-28T12:22:10","date_gmt":"2021-12-28T10:22:10","guid":{"rendered":"http:\/\/107.6.182.27\/tr\/?p=247786"},"modified":"2021-12-29T08:13:32","modified_gmt":"2021-12-29T06:13:32","slug":"dsg-milisleri-kontrolundeki-el-hol-multeci-kampinda-bir-kisi-olduruldu","status":"publish","type":"post","link":"https:\/\/archive.sana.sy\/tr\/?p=247786","title":{"rendered":"DSG Milisleri Kontrol\u00fcndeki El Hol M\u00fclteci Kamp\u0131nda Bir Ki\u015fi \u00d6ld\u00fcr\u00fcld\u00fc"},"content":{"rendered":"<p style=\"text-align: justify;\">HASEKE &#8211; Haseke kentinin do\u011fusunda, Amerikan i\u015fgal g\u00fc\u00e7lerinin deste\u011fiyle \u201cDSG&#8221; taraf\u0131ndan kontrol edilen el Hol m\u00fclteci kamp\u0131nda kaos ve g\u00fcvenlik karga\u015fas\u0131 i\u00e7inde bir ki\u015fi vah\u015fice \u00f6ld\u00fcr\u00fclm\u00fc\u015f halde bulundu.<\/p>\n<p style=\"text-align: justify;\">Yerel kaynaklar SANA&#8217;ya verdi\u011fi deme\u00e7te, son aylarda d\u00fczinelerce kamp sakininin \u00f6l\u00fcm\u00fcne yol a\u00e7an g\u00fcvenlik karga\u015fas\u0131 \u0131\u015f\u0131\u011f\u0131nda, bir ki\u015finin cesedinin El Hol kamp\u0131n\u0131n ilk b\u00f6l\u00fcm\u00fcnde \u00e7ad\u0131r\u0131n\u0131n i\u00e7inde ba\u015f\u0131 kesilmi\u015f halde bulundu\u011funu s\u00f6yledi.<\/p>\n","protected":false},"excerpt":{"rendered":"<p>HASEKE &#8211; Haseke kentinin do\u011fusunda, Amerikan i\u015fgal g\u00fc\u00e7lerinin deste\u011fiyle \u201cDSG&#8221; taraf\u0131ndan kontrol edilen el Hol m\u00fclteci kamp\u0131nda kaos ve g\u00fcvenlik karga\u015fas\u0131 i\u00e7inde bir ki\u015fi vah\u015fice \u00f6ld\u00fcr\u00fclm\u00fc\u015f halde bulundu. Yerel kaynaklar SANA&#8217;ya verdi\u011fi deme\u00e7te, son aylarda d\u00fczinelerce kamp sakininin \u00f6l\u00fcm\u00fcne yol a\u00e7an g\u00fcvenlik karga\u015fas\u0131 \u0131\u015f\u0131\u011f\u0131nda, bir ki\u015finin cesedinin El Hol kamp\u0131n\u0131n ilk b\u00f6l\u00fcm\u00fcnde \u00e7ad\u0131r\u0131n\u0131n i\u00e7inde ba\u015f\u0131 &hellip;<\/p>\n","protected":false},"author":1,"featured_media":247787,"comment_status":"closed","ping_status":"closed","sticky":false,"template":"","format":"standard","meta":{"footnotes":""},"categories":[479,575,17988,478],"tags":[],"class_list":["post-247786","post","type-post","status-publish","format-standard","has-post-thumbnail","","category-haberler-yerel","category-olaylar-ve-gercekler","category-son-haberler","category-yerel"],"_links":{"self":[{"href":"https:\/\/archive.sana.sy\/tr\/index.php?rest_route=\/wp\/v2\/posts\/247786","targetHints":{"allow":["GET"]}}],"collection":[{"href":"https:\/\/archive.sana.sy\/tr\/index.php?rest_route=\/wp\/v2\/posts"}],"about":[{"href":"https:\/\/archive.sana.sy\/tr\/index.php?rest_route=\/wp\/v2\/types\/post"}],"author":[{"embeddable":true,"href":"https:\/\/archive.sana.sy\/tr\/index.php?rest_route=\/wp\/v2\/users\/1"}],"replies":[{"embeddable":true,"href":"https:\/\/archive.sana.sy\/tr\/index.php?rest_route=%2Fwp%2Fv2%2Fcomments&post=247786"}],"version-history":[{"count":0,"href":"https:\/\/archive.sana.sy\/tr\/index.php?rest_route=\/wp\/v2\/posts\/247786\/revisions"}],"wp:featuredmedia":[{"embeddable":true,"href":"https:\/\/archive.sana.sy\/tr\/index.php?rest_route=\/wp\/v2\/media\/247787"}],"wp:attachment":[{"href":"https:\/\/archive.sana.sy\/tr\/index.php?rest_route=%2Fwp%2Fv2%2Fmedia&parent=247786"}],"wp:term":[{"taxonomy":"category","embeddable":true,"href":"https:\/\/archive.sana.sy\/tr\/index.php?rest_route=%2Fwp%2Fv2%2Fcategories&post=247786"},{"taxonomy":"post_tag","embeddable":true,"href":"https:\/\/archive.sana.sy\/tr\/index.php?rest_route=%2Fwp%2Fv2%2Ftags&post=247786"}],"curies":[{"name":"wp","href":"https:\/\/api.w.org\/{rel}","templated":true}]}}