{"id":247792,"date":"2021-12-28T14:00:40","date_gmt":"2021-12-28T12:00:40","guid":{"rendered":"http:\/\/107.6.182.27\/tr\/?p=247792"},"modified":"2021-12-29T08:13:48","modified_gmt":"2021-12-29T06:13:48","slug":"hasekedeki-el-zuhur-semti-halki-dsg-milislerinin-uygulamalarina-karsi-protesto-gosterisi-duzenledi","status":"publish","type":"post","link":"https:\/\/archive.sana.sy\/tr\/?p=247792","title":{"rendered":"Haseke&#8217;deki el Zuhur Semti Halk\u0131 \u201cDSG\u201d Milislerinin Uygulamalar\u0131na Kar\u015f\u0131 Protesto G\u00f6sterisi D\u00fczenledi"},"content":{"rendered":"<p style=\"text-align: justify;\">HASEKE \u2013 Amerikan i\u015fgalinden destekli \u201cDSG\u201d milislerinin i\u015fgal etti\u011fi b\u00f6lgelerinde uygulad\u0131klar\u0131 su\u00e7lar\u0131na kar\u015f\u0131 b\u00f6lge halk\u0131n\u0131n protesto eylemleri s\u00fcr\u00fcyor.<\/p>\n<p style=\"text-align: justify;\">Bu ba\u011flamda SANA muhabiri, Haseke Kenti\u2019deki el Zuhur Semti\u2019nin ahalisinin kendilerine kar\u015f\u0131 \u00f6zellikle Suriye\u2019nin yer alt\u0131 kaynaklar\u0131 ya\u011fmalama ve b\u00f6lge halk\u0131n\u0131n gen\u00e7leri zorla askere alma su\u00e7lar\u0131 dahil olmak \u00fczere \u201cDSG\u201d milislerinin su\u00e7lu uygulamalar\u0131n\u0131 protesto eden g\u00f6steri d\u00fczenlediklerini belirtti.<\/p>\n<p style=\"text-align: justify;\">\u201cDSG\u201d milisleri, Suriye\u2019nin el Cezire&#8217;de i\u015fgal etti\u011fi b\u00f6lgelerde, Amerikan i\u015fgalinin de deste\u011fiyle, bu b\u00f6lgelerde ya\u015fayanlara y\u00f6nelik adam ka\u00e7\u0131rma ve\u00a0 ayr\u0131l\u0131k\u00e7\u0131 planlar\u0131n\u0131n bir par\u00e7as\u0131 olarak gen\u00e7leri cephelere dahil etme amac\u0131yla zorla askere alma yoluyla bask\u0131c\u0131 ve y\u0131ld\u0131r\u0131c\u0131 uygulamalar y\u00fcr\u00fctmeye devam ediyor.<\/p>\n","protected":false},"excerpt":{"rendered":"<p>HASEKE \u2013 Amerikan i\u015fgalinden destekli \u201cDSG\u201d milislerinin i\u015fgal etti\u011fi b\u00f6lgelerinde uygulad\u0131klar\u0131 su\u00e7lar\u0131na kar\u015f\u0131 b\u00f6lge halk\u0131n\u0131n protesto eylemleri s\u00fcr\u00fcyor. Bu ba\u011flamda SANA muhabiri, Haseke Kenti\u2019deki el Zuhur Semti\u2019nin ahalisinin kendilerine kar\u015f\u0131 \u00f6zellikle Suriye\u2019nin yer alt\u0131 kaynaklar\u0131 ya\u011fmalama ve b\u00f6lge halk\u0131n\u0131n gen\u00e7leri zorla askere alma su\u00e7lar\u0131 dahil olmak \u00fczere \u201cDSG\u201d milislerinin su\u00e7lu uygulamalar\u0131n\u0131 protesto eden g\u00f6steri d\u00fczenlediklerini &hellip;<\/p>\n","protected":false},"author":1,"featured_media":247793,"comment_status":"closed","ping_status":"closed","sticky":false,"template":"","format":"standard","meta":{"footnotes":""},"categories":[479,575,17988,478],"tags":[],"class_list":["post-247792","post","type-post","status-publish","format-standard","has-post-thumbnail","","category-haberler-yerel","category-olaylar-ve-gercekler","category-son-haberler","category-yerel"],"_links":{"self":[{"href":"https:\/\/archive.sana.sy\/tr\/index.php?rest_route=\/wp\/v2\/posts\/247792","targetHints":{"allow":["GET"]}}],"collection":[{"href":"https:\/\/archive.sana.sy\/tr\/index.php?rest_route=\/wp\/v2\/posts"}],"about":[{"href":"https:\/\/archive.sana.sy\/tr\/index.php?rest_route=\/wp\/v2\/types\/post"}],"author":[{"embeddable":true,"href":"https:\/\/archive.sana.sy\/tr\/index.php?rest_route=\/wp\/v2\/users\/1"}],"replies":[{"embeddable":true,"href":"https:\/\/archive.sana.sy\/tr\/index.php?rest_route=%2Fwp%2Fv2%2Fcomments&post=247792"}],"version-history":[{"count":0,"href":"https:\/\/archive.sana.sy\/tr\/index.php?rest_route=\/wp\/v2\/posts\/247792\/revisions"}],"wp:featuredmedia":[{"embeddable":true,"href":"https:\/\/archive.sana.sy\/tr\/index.php?rest_route=\/wp\/v2\/media\/247793"}],"wp:attachment":[{"href":"https:\/\/archive.sana.sy\/tr\/index.php?rest_route=%2Fwp%2Fv2%2Fmedia&parent=247792"}],"wp:term":[{"taxonomy":"category","embeddable":true,"href":"https:\/\/archive.sana.sy\/tr\/index.php?rest_route=%2Fwp%2Fv2%2Fcategories&post=247792"},{"taxonomy":"post_tag","embeddable":true,"href":"https:\/\/archive.sana.sy\/tr\/index.php?rest_route=%2Fwp%2Fv2%2Ftags&post=247792"}],"curies":[{"name":"wp","href":"https:\/\/api.w.org\/{rel}","templated":true}]}}