{"id":247806,"date":"2021-12-28T19:20:30","date_gmt":"2021-12-28T17:20:30","guid":{"rendered":"http:\/\/107.6.182.27\/tr\/?p=247806"},"modified":"2021-12-30T08:01:07","modified_gmt":"2021-12-30T06:01:07","slug":"bakanlar-kurulu-yenilenebilir-enerji-kullanimini-destekleme-fonu-yararina-elektrik-bakanligina-10-milyar-sterlinlik-mali-avans-verdi","status":"publish","type":"post","link":"https:\/\/archive.sana.sy\/tr\/?p=247806","title":{"rendered":"Bakanlar Kurulundan, Yenilenebilir Enerji Yarar\u0131na Elektrik Bakanl\u0131\u011f\u0131\u2019na 10 Milyar Liral\u0131k Mali Destek"},"content":{"rendered":"<p style=\"text-align: justify;\">\u015eAM \u2013 Bakanlar Kurulu, Yenilenebilir Enerjilerin Kullan\u0131m\u0131n\u0131 Destekleme ve Enerji Verimlili\u011fini Art\u0131rma Fonu hesab\u0131na Elektrik Bakanl\u0131\u011f\u0131&#8217;na 10 milyar Suriye liras\u0131 tutar\u0131nda mali avans vermeyi kabul etti.<\/p>\n<p style=\"text-align: justify;\">Kabine, Ba\u015fbakan H\u00fcseyin Arnus ba\u015fkanl\u0131\u011f\u0131ndaki bug\u00fcnk\u00fc haftal\u0131k oturumunda, \u00fcniversite \u015fehirlerini \u201c\u00fcniversite \u015fehri\u201d olarak adland\u0131r\u0131lan, orada ikamet eden \u00f6\u011frenciler i\u00e7in verimli ve etkili bar\u0131nma sa\u011flanmas\u0131 amac\u0131yla idari ve mali ba\u011f\u0131ms\u0131zl\u0131\u011fa sahip ve \u00fcniversite rekt\u00f6r\u00fcne ba\u011fl\u0131 olan idari organlara d\u00f6n\u00fc\u015ft\u00fcrmek i\u00e7in taslak yasama arac\u0131n\u0131 tart\u0131\u015ft\u0131.<\/p>\n<p style=\"text-align: justify;\">Kabine, t\u00fcm bakanl\u0131klardan 2021 y\u0131l\u0131nda \u00e7\u0131kar\u0131lan yasama ara\u00e7lar\u0131n\u0131n etkinle\u015ftirilmesi i\u00e7in gerekli \u00f6nlemleri almalar\u0131n\u0131 istedi. Bu ba\u011flanma Kabine, \u00f6zellikle yat\u0131r\u0131m ve mikrofinans alan\u0131nda ve ya\u015fam ko\u015fullar\u0131n\u0131 iyile\u015ftirmek i\u00e7in daha fazla i\u015f f\u0131rsat\u0131 sa\u011flamak i\u00e7in \u00fcretim s\u00fcrecini art\u0131rmak ve tar\u0131msal \u00fcretim alan\u0131ndaki yat\u0131r\u0131mlara hem bitkisel hem de hayvansal tar\u0131m sekt\u00f6r\u00fc \u00fcr\u00fcnlerinin elden \u00e7\u0131kar\u0131lmas\u0131na \u00f6ncelik vermeye vurgu yapt\u0131.<\/p>\n<p style=\"text-align: justify;\">Kabine, tar\u0131m ve sanayi \u00fcr\u00fcnlerinin pazarlanmas\u0131 ger\u00e7e\u011fini, kar\u015f\u0131la\u015ft\u0131\u011f\u0131 zorluklar\u0131 ve bu \u00fcr\u00fcnlerin pazarlanmas\u0131n\u0131n etkinle\u015ftirilmesi i\u00e7in al\u0131nmas\u0131 gereken \u00f6nlemleri g\u00f6zden ge\u00e7irdi.<\/p>\n<p style=\"text-align: justify;\"><span style=\"color: #0000ff;\">M\u00fchendis Arnus: Yeralt\u0131 su rezervlerinin ve barajlar\u0131n korunmas\u0131 ve su kay\u0131plar\u0131n\u0131n azalt\u0131lmas\u0131 gerekiyor<\/span><\/p>\n<p style=\"text-align: justify;\">Oturum s\u0131ras\u0131nda Ba\u015fbakan Arnus ayr\u0131ca yer alt\u0131 su rezervlerinin ve barajlar\u0131n korunmas\u0131, su kay\u0131plar\u0131n\u0131n azalt\u0131lmas\u0131, sulama ve i\u00e7me suyu \u015febekelerinin rehabilitasyonunun tamamlanmas\u0131 ve modern sulamaya ge\u00e7ilmesi gerekti\u011fini belirtirken, ayr\u0131ca, \u0130dari birimlerin bile\u015fenlerinin ekonomik, turizm ve tar\u0131msal a\u00e7\u0131lardan en uygun \u015fekilde yat\u0131r\u0131lmas\u0131 ve bu birimlerde \u00fcretim ve i\u015f\u00e7ilik s\u00fcrecinin etkinle\u015ftirilmesi, bu birimlerin gelirlerinin artmas\u0131na katk\u0131da bulunan ve verilen hizmetlere olumlu yans\u0131d\u0131\u011f\u0131n\u0131 vurgulad\u0131.<\/p>\n<p style=\"text-align: justify;\">\u00d6te yandan Kabine, t\u00fcm bakanl\u0131klardan 2021 y\u0131l\u0131 boyunca performans g\u00f6stergelerinin de\u011ferlendirilmesini ve \u00fcretim, geli\u015ftirme ve hizmetlerin iyile\u015ftirilmesi a\u00e7\u0131s\u0131ndan 2022&#8217;ye daha etkin g\u00f6stergelerle girebilmek i\u00e7in \u00e7al\u0131\u015fma mekanizmalar\u0131n\u0131n geli\u015ftirilmesi ve performans seviyesinin y\u00fckseltilmesi i\u00e7in gerekli ad\u0131mlar\u0131n at\u0131lmas\u0131n\u0131 istedi.<\/p>\n<p style=\"text-align: justify;\">Kabine, g\u00fcvenli, etkili ve \u00fccretsiz oldu\u011fu ve vir\u00fcs\u00fcn yay\u0131lmas\u0131n\u0131n s\u0131n\u0131rland\u0131r\u0131lmas\u0131na katk\u0131da bulundu\u011fu i\u00e7in Corona vir\u00fcs\u00fcn\u00fcn yay\u0131lmas\u0131n\u0131n ger\u00e7ekli\u011fini ve a\u015f\u0131n\u0131n al\u0131nmas\u0131n\u0131 te\u015fvik etmek i\u00e7in gerekli \u00f6nlemleri inceledi.<\/p>\n<p style=\"text-align: justify;\">Konsey, Safita kentindeki sanayi b\u00f6lgesi i\u00e7in altyap\u0131 projesinin tamamlanmas\u0131 ve Hama-Humus yolu \u00fczerindeki Tel Qartal d\u00fc\u011f\u00fcm\u00fcn\u00fcn tamamlanmas\u0131 da dahil olmak \u00fczere bir dizi valilikte bir dizi hizmet ve geli\u015ftirme projesini onaylad\u0131.<\/p>\n<p style=\"text-align: justify;\">\u00dcniversite \u015fehirlerinin mali kaynaklar\u0131yla ilgili olarak Y\u00fcksek \u00d6\u011frenim ve Bilimsel Ara\u015ft\u0131rma Bakan\u0131 Bassam \u0130brahim, \u00fcniversite kamp\u00fcs\u00fcnde yer alan kafeterya, restoran, k\u0131rtasiye ve matbaa gibi tesis ve tesislere yat\u0131r\u0131m yap\u0131laca\u011f\u0131n\u0131 duyurdu. \u0130brahim, \u00dcniversite \u015fehri m\u00fcd\u00fcr\u00fcn\u00fcn mali ve idari ba\u011f\u0131ms\u0131zl\u0131\u011f\u0131na ve \u00fcniversite rekt\u00f6r\u00fcn\u00fcn ba\u015fkanl\u0131\u011f\u0131nda t\u00fcm konular\u0131 g\u00f6r\u00fc\u015fmek ve \u00fcniversite bar\u0131nma ve hizmet \u00f6dene\u011fi i\u00e7in standartlar ve temeller belirlemek \u00fczere bir y\u00f6netim kuruluna sahip olaca\u011f\u0131na i\u015faret etti.<\/p>\n<p style=\"text-align: justify;\">Elektrik Bakan\u0131 \u011eassan el Zamil ise, Yenilenebilir Enerji Kullan\u0131m\u0131n\u0131 Destekleme ve Enerji Verimlili\u011fini Art\u0131rma Fonuna sa\u011flanan h\u00fck\u00fcmet deste\u011finin, gelecek y\u0131l\u0131n ilk \u00e7eyre\u011finde hareket etmesini sa\u011flayaca\u011f\u0131n\u0131 belirtti. Zamil ayr\u0131ca, Son d\u00f6nemde fonun bir y\u00f6neticisinin atand\u0131\u011f\u0131na dikkati \u00e7eken, \u015fu anda vatanda\u015flara kredi verilmesinin temellerini ve kontrollerini yapmak \u00fczere y\u00f6netim kurulunun se\u00e7ildi\u011fine i\u015faret etti.<\/p>\n<p style=\"text-align: justify;\">P.M.<\/p>\n","protected":false},"excerpt":{"rendered":"<p>\u015eAM \u2013 Bakanlar Kurulu, Yenilenebilir Enerjilerin Kullan\u0131m\u0131n\u0131 Destekleme ve Enerji Verimlili\u011fini Art\u0131rma Fonu hesab\u0131na Elektrik Bakanl\u0131\u011f\u0131&#8217;na 10 milyar Suriye liras\u0131 tutar\u0131nda mali avans vermeyi kabul etti. Kabine, Ba\u015fbakan H\u00fcseyin Arnus ba\u015fkanl\u0131\u011f\u0131ndaki bug\u00fcnk\u00fc haftal\u0131k oturumunda, \u00fcniversite \u015fehirlerini \u201c\u00fcniversite \u015fehri\u201d olarak adland\u0131r\u0131lan, orada ikamet eden \u00f6\u011frenciler i\u00e7in verimli ve etkili bar\u0131nma sa\u011flanmas\u0131 amac\u0131yla idari ve mali ba\u011f\u0131ms\u0131zl\u0131\u011fa &hellip;<\/p>\n","protected":false},"author":1,"featured_media":247807,"comment_status":"closed","ping_status":"closed","sticky":false,"template":"","format":"standard","meta":{"footnotes":""},"categories":[485,486,479,17988,478],"tags":[],"class_list":["post-247806","post","type-post","status-publish","format-standard","has-post-thumbnail","","category-is-ve-sermaye","category-haberler-is-ve-sermaye","category-haberler-yerel","category-son-haberler","category-yerel"],"_links":{"self":[{"href":"https:\/\/archive.sana.sy\/tr\/index.php?rest_route=\/wp\/v2\/posts\/247806","targetHints":{"allow":["GET"]}}],"collection":[{"href":"https:\/\/archive.sana.sy\/tr\/index.php?rest_route=\/wp\/v2\/posts"}],"about":[{"href":"https:\/\/archive.sana.sy\/tr\/index.php?rest_route=\/wp\/v2\/types\/post"}],"author":[{"embeddable":true,"href":"https:\/\/archive.sana.sy\/tr\/index.php?rest_route=\/wp\/v2\/users\/1"}],"replies":[{"embeddable":true,"href":"https:\/\/archive.sana.sy\/tr\/index.php?rest_route=%2Fwp%2Fv2%2Fcomments&post=247806"}],"version-history":[{"count":0,"href":"https:\/\/archive.sana.sy\/tr\/index.php?rest_route=\/wp\/v2\/posts\/247806\/revisions"}],"wp:featuredmedia":[{"embeddable":true,"href":"https:\/\/archive.sana.sy\/tr\/index.php?rest_route=\/wp\/v2\/media\/247807"}],"wp:attachment":[{"href":"https:\/\/archive.sana.sy\/tr\/index.php?rest_route=%2Fwp%2Fv2%2Fmedia&parent=247806"}],"wp:term":[{"taxonomy":"category","embeddable":true,"href":"https:\/\/archive.sana.sy\/tr\/index.php?rest_route=%2Fwp%2Fv2%2Fcategories&post=247806"},{"taxonomy":"post_tag","embeddable":true,"href":"https:\/\/archive.sana.sy\/tr\/index.php?rest_route=%2Fwp%2Fv2%2Ftags&post=247806"}],"curies":[{"name":"wp","href":"https:\/\/api.w.org\/{rel}","templated":true}]}}