{"id":247824,"date":"2021-12-29T11:41:51","date_gmt":"2021-12-29T09:41:51","guid":{"rendered":"http:\/\/107.6.182.27\/tr\/?p=247824"},"modified":"2021-12-30T08:01:32","modified_gmt":"2021-12-30T06:01:32","slug":"turk-isgal-gucleri-ve-kiraliklari-halep-kirsalinda-birkac-bolgeyi-bombaladi","status":"publish","type":"post","link":"https:\/\/archive.sana.sy\/tr\/?p=247824","title":{"rendered":"T\u00fcrk \u0130\u015fgal G\u00fc\u00e7leri ve Kiral\u0131klar\u0131 Halep K\u0131rsal\u0131nda Birka\u00e7 B\u00f6lgeyi Bombalad\u0131"},"content":{"rendered":"<p>HALEP \u2013 T\u00fcrk i\u015fgal g\u00fc\u00e7leri ve onlar\u0131n destekledi\u011fi ter\u00f6rist gruplar Halep k\u0131rsal\u0131n\u0131n kuzeydo\u011fusunda yer alan El Bab ve Minbic b\u00f6lgelerinde \u00e7ok say\u0131da k\u00f6y ve beldeyi bombalad\u0131.<\/p>\n<p>Yerel kaynaklar SANA muhabirine: &#8220;El Bab kentinin do\u011fusundaki \u015eeyh Nas\u0131r, El \u015euwayha ve El Zarzour&#8217;da konu\u015flu T\u00fcrk i\u015fgal g\u00fc\u00e7leri ve ter\u00f6rist gruplar, El Fawares \u00e7iftlikleri, El Yalni, Kart, Yaran, El Muhsinli k\u00f6yleri ve El Arima beldesi yak\u0131nlar\u0131na havan toplar\u0131yla sald\u0131rd\u0131\u011f\u0131n\u0131 belirtirken, bunun maddi kay\u0131plara neden oldu\u011funa i\u015faret etti.<\/p>\n<p>Kaynaklara g\u00f6re, Halep k\u0131rsal\u0131n\u0131n kuzeyinde yer alan Minbic b\u00f6lgesindeki i\u015fgal g\u00fc\u00e7leri ve ter\u00f6ristleri El Sayyad ve El Camosiye k\u00f6ylerini de bombalad\u0131\u011f\u0131n\u0131 belirtti.<\/p>\n","protected":false},"excerpt":{"rendered":"<p>HALEP \u2013 T\u00fcrk i\u015fgal g\u00fc\u00e7leri ve onlar\u0131n destekledi\u011fi ter\u00f6rist gruplar Halep k\u0131rsal\u0131n\u0131n kuzeydo\u011fusunda yer alan El Bab ve Minbic b\u00f6lgelerinde \u00e7ok say\u0131da k\u00f6y ve beldeyi bombalad\u0131. Yerel kaynaklar SANA muhabirine: &#8220;El Bab kentinin do\u011fusundaki \u015eeyh Nas\u0131r, El \u015euwayha ve El Zarzour&#8217;da konu\u015flu T\u00fcrk i\u015fgal g\u00fc\u00e7leri ve ter\u00f6rist gruplar, El Fawares \u00e7iftlikleri, El Yalni, Kart, Yaran, &hellip;<\/p>\n","protected":false},"author":36,"featured_media":247825,"comment_status":"closed","ping_status":"closed","sticky":false,"template":"","format":"standard","meta":{"footnotes":""},"categories":[479,575,17988,2554,2555,478],"tags":[],"class_list":["post-247824","post","type-post","status-publish","format-standard","has-post-thumbnail","","category-haberler-yerel","category-olaylar-ve-gercekler","category-son-haberler","category-suriye-ve-dunya","category-suriye-ve-turkiye","category-yerel"],"_links":{"self":[{"href":"https:\/\/archive.sana.sy\/tr\/index.php?rest_route=\/wp\/v2\/posts\/247824","targetHints":{"allow":["GET"]}}],"collection":[{"href":"https:\/\/archive.sana.sy\/tr\/index.php?rest_route=\/wp\/v2\/posts"}],"about":[{"href":"https:\/\/archive.sana.sy\/tr\/index.php?rest_route=\/wp\/v2\/types\/post"}],"author":[{"embeddable":true,"href":"https:\/\/archive.sana.sy\/tr\/index.php?rest_route=\/wp\/v2\/users\/36"}],"replies":[{"embeddable":true,"href":"https:\/\/archive.sana.sy\/tr\/index.php?rest_route=%2Fwp%2Fv2%2Fcomments&post=247824"}],"version-history":[{"count":0,"href":"https:\/\/archive.sana.sy\/tr\/index.php?rest_route=\/wp\/v2\/posts\/247824\/revisions"}],"wp:featuredmedia":[{"embeddable":true,"href":"https:\/\/archive.sana.sy\/tr\/index.php?rest_route=\/wp\/v2\/media\/247825"}],"wp:attachment":[{"href":"https:\/\/archive.sana.sy\/tr\/index.php?rest_route=%2Fwp%2Fv2%2Fmedia&parent=247824"}],"wp:term":[{"taxonomy":"category","embeddable":true,"href":"https:\/\/archive.sana.sy\/tr\/index.php?rest_route=%2Fwp%2Fv2%2Fcategories&post=247824"},{"taxonomy":"post_tag","embeddable":true,"href":"https:\/\/archive.sana.sy\/tr\/index.php?rest_route=%2Fwp%2Fv2%2Ftags&post=247824"}],"curies":[{"name":"wp","href":"https:\/\/api.w.org\/{rel}","templated":true}]}}