{"id":247827,"date":"2021-12-29T12:10:23","date_gmt":"2021-12-29T10:10:23","guid":{"rendered":"http:\/\/107.6.182.27\/tr\/?p=247827"},"modified":"2022-10-16T10:15:39","modified_gmt":"2022-10-16T07:15:39","slug":"deyrezzor-ilinde-ulusal-anlasma-sureci-devam-ediyor-5","status":"publish","type":"post","link":"https:\/\/archive.sana.sy\/tr\/?p=247827","title":{"rendered":"Deyrezzor \u0130linde Ulusal Anla\u015fma S\u00fcreci Devam Ediyor"},"content":{"rendered":"<p>DEYREZZOR \u2013 Deyrezzor SANA muhabiri, Deyrezzor \u0130li\u2019nde devletin \u00f6nerdi\u011fi kapsaml\u0131 \u00e7\u00f6z\u00fcm s\u00fcreci \u00e7er\u00e7evesinde, durumlar\u0131n\u0131 d\u00fczeltmek isteyenlerin Deyrezzor k\u0131rsal\u0131ndaki El Mayadin merkezinde kabul edilmeye devam etti\u011fini belirtti.<\/p>\n<p>Muhabir, son d\u00f6nemde aranan y\u00fczlerce vatanda\u015f, zorunlu ve yedek hizmetlerden ka\u00e7anlar\u0131n s\u00fcrece kat\u0131ld\u0131\u011fna i\u015faret etti.<\/p>\n<div id='gallery-1' class='gallery galleryid-247827 gallery-columns-3 gallery-size-full'><figure class='gallery-item'>\n\t\t\t<div class='gallery-icon landscape'>\n\t\t\t\t<a href='https:\/\/archive.sana.sy\/tr\/wp-content\/uploads\/2021\/12\/photo_2021-12-29_09-54-29.jpg'><img loading=\"lazy\" decoding=\"async\" width=\"660\" height=\"419\" src=\"https:\/\/archive.sana.sy\/tr\/wp-content\/uploads\/2021\/12\/photo_2021-12-29_09-54-29.jpg\" class=\"attachment-full size-full\" alt=\"\" srcset=\"https:\/\/archive.sana.sy\/tr\/wp-content\/uploads\/2021\/12\/photo_2021-12-29_09-54-29.jpg 660w, https:\/\/archive.sana.sy\/tr\/wp-content\/uploads\/2021\/12\/photo_2021-12-29_09-54-29-300x190.jpg 300w, https:\/\/archive.sana.sy\/tr\/wp-content\/uploads\/2021\/12\/photo_2021-12-29_09-54-29-150x95.jpg 150w\" sizes=\"auto, (max-width: 660px) 100vw, 660px\" \/><\/a>\n\t\t\t<\/div><\/figure><figure class='gallery-item'>\n\t\t\t<div class='gallery-icon landscape'>\n\t\t\t\t<a href='https:\/\/archive.sana.sy\/tr\/wp-content\/uploads\/2021\/12\/photo_2021-12-29_09-54-58.jpg'><img loading=\"lazy\" decoding=\"async\" width=\"660\" height=\"395\" src=\"https:\/\/archive.sana.sy\/tr\/wp-content\/uploads\/2021\/12\/photo_2021-12-29_09-54-58.jpg\" class=\"attachment-full size-full\" alt=\"\" srcset=\"https:\/\/archive.sana.sy\/tr\/wp-content\/uploads\/2021\/12\/photo_2021-12-29_09-54-58.jpg 660w, https:\/\/archive.sana.sy\/tr\/wp-content\/uploads\/2021\/12\/photo_2021-12-29_09-54-58-300x180.jpg 300w, https:\/\/archive.sana.sy\/tr\/wp-content\/uploads\/2021\/12\/photo_2021-12-29_09-54-58-150x90.jpg 150w\" sizes=\"auto, (max-width: 660px) 100vw, 660px\" \/><\/a>\n\t\t\t<\/div><\/figure><figure class='gallery-item'>\n\t\t\t<div class='gallery-icon landscape'>\n\t\t\t\t<a href='https:\/\/archive.sana.sy\/tr\/wp-content\/uploads\/2021\/12\/photo_2021-12-29_09-55-03.jpg'><img loading=\"lazy\" decoding=\"async\" width=\"660\" height=\"370\" src=\"https:\/\/archive.sana.sy\/tr\/wp-content\/uploads\/2021\/12\/photo_2021-12-29_09-55-03.jpg\" class=\"attachment-full size-full\" alt=\"\" srcset=\"https:\/\/archive.sana.sy\/tr\/wp-content\/uploads\/2021\/12\/photo_2021-12-29_09-55-03.jpg 660w, https:\/\/archive.sana.sy\/tr\/wp-content\/uploads\/2021\/12\/photo_2021-12-29_09-55-03-300x168.jpg 300w, https:\/\/archive.sana.sy\/tr\/wp-content\/uploads\/2021\/12\/photo_2021-12-29_09-55-03-150x84.jpg 150w\" sizes=\"auto, (max-width: 660px) 100vw, 660px\" \/><\/a>\n\t\t\t<\/div><\/figure><figure class='gallery-item'>\n\t\t\t<div class='gallery-icon landscape'>\n\t\t\t\t<a href='https:\/\/archive.sana.sy\/tr\/wp-content\/uploads\/2021\/12\/photo_2021-12-29_09-55-06.jpg'><img loading=\"lazy\" decoding=\"async\" width=\"660\" height=\"371\" src=\"https:\/\/archive.sana.sy\/tr\/wp-content\/uploads\/2021\/12\/photo_2021-12-29_09-55-06.jpg\" class=\"attachment-full size-full\" alt=\"\" srcset=\"https:\/\/archive.sana.sy\/tr\/wp-content\/uploads\/2021\/12\/photo_2021-12-29_09-55-06.jpg 660w, https:\/\/archive.sana.sy\/tr\/wp-content\/uploads\/2021\/12\/photo_2021-12-29_09-55-06-300x169.jpg 300w, https:\/\/archive.sana.sy\/tr\/wp-content\/uploads\/2021\/12\/photo_2021-12-29_09-55-06-150x84.jpg 150w\" sizes=\"auto, (max-width: 660px) 100vw, 660px\" \/><\/a>\n\t\t\t<\/div><\/figure><figure class='gallery-item'>\n\t\t\t<div class='gallery-icon landscape'>\n\t\t\t\t<a href='https:\/\/archive.sana.sy\/tr\/wp-content\/uploads\/2021\/12\/photo_2021-12-29_09-55-12.jpg'><img loading=\"lazy\" decoding=\"async\" width=\"660\" height=\"371\" src=\"https:\/\/archive.sana.sy\/tr\/wp-content\/uploads\/2021\/12\/photo_2021-12-29_09-55-12.jpg\" class=\"attachment-full size-full\" alt=\"\" srcset=\"https:\/\/archive.sana.sy\/tr\/wp-content\/uploads\/2021\/12\/photo_2021-12-29_09-55-12.jpg 660w, https:\/\/archive.sana.sy\/tr\/wp-content\/uploads\/2021\/12\/photo_2021-12-29_09-55-12-300x169.jpg 300w, https:\/\/archive.sana.sy\/tr\/wp-content\/uploads\/2021\/12\/photo_2021-12-29_09-55-12-150x84.jpg 150w\" sizes=\"auto, (max-width: 660px) 100vw, 660px\" \/><\/a>\n\t\t\t<\/div><\/figure><figure class='gallery-item'>\n\t\t\t<div class='gallery-icon landscape'>\n\t\t\t\t<a href='https:\/\/archive.sana.sy\/tr\/wp-content\/uploads\/2021\/12\/photo_2021-12-29_09-55-15.jpg'><img loading=\"lazy\" decoding=\"async\" width=\"660\" height=\"406\" src=\"https:\/\/archive.sana.sy\/tr\/wp-content\/uploads\/2021\/12\/photo_2021-12-29_09-55-15.jpg\" class=\"attachment-full size-full\" alt=\"\" srcset=\"https:\/\/archive.sana.sy\/tr\/wp-content\/uploads\/2021\/12\/photo_2021-12-29_09-55-15.jpg 660w, https:\/\/archive.sana.sy\/tr\/wp-content\/uploads\/2021\/12\/photo_2021-12-29_09-55-15-300x185.jpg 300w, https:\/\/archive.sana.sy\/tr\/wp-content\/uploads\/2021\/12\/photo_2021-12-29_09-55-15-150x92.jpg 150w\" sizes=\"auto, (max-width: 660px) 100vw, 660px\" \/><\/a>\n\t\t\t<\/div><\/figure>\n\t\t<\/div>\n\n","protected":false},"excerpt":{"rendered":"<p>DEYREZZOR \u2013 Deyrezzor SANA muhabiri, Deyrezzor \u0130li\u2019nde devletin \u00f6nerdi\u011fi kapsaml\u0131 \u00e7\u00f6z\u00fcm s\u00fcreci \u00e7er\u00e7evesinde, durumlar\u0131n\u0131 d\u00fczeltmek isteyenlerin Deyrezzor k\u0131rsal\u0131ndaki El Mayadin merkezinde kabul edilmeye devam etti\u011fini belirtti. Muhabir, son d\u00f6nemde aranan y\u00fczlerce vatanda\u015f, zorunlu ve yedek hizmetlerden ka\u00e7anlar\u0131n s\u00fcrece kat\u0131ld\u0131\u011fna i\u015faret etti.<\/p>\n","protected":false},"author":36,"featured_media":247834,"comment_status":"closed","ping_status":"closed","sticky":false,"template":"","format":"standard","meta":{"footnotes":""},"categories":[596,479,6459,17988,478],"tags":[],"class_list":["post-247827","post","type-post","status-publish","format-standard","has-post-thumbnail","","category-fotografli-raporlar","category-haberler-yerel","category-sana-fotolarl","category-son-haberler","category-yerel"],"_links":{"self":[{"href":"https:\/\/archive.sana.sy\/tr\/index.php?rest_route=\/wp\/v2\/posts\/247827","targetHints":{"allow":["GET"]}}],"collection":[{"href":"https:\/\/archive.sana.sy\/tr\/index.php?rest_route=\/wp\/v2\/posts"}],"about":[{"href":"https:\/\/archive.sana.sy\/tr\/index.php?rest_route=\/wp\/v2\/types\/post"}],"author":[{"embeddable":true,"href":"https:\/\/archive.sana.sy\/tr\/index.php?rest_route=\/wp\/v2\/users\/36"}],"replies":[{"embeddable":true,"href":"https:\/\/archive.sana.sy\/tr\/index.php?rest_route=%2Fwp%2Fv2%2Fcomments&post=247827"}],"version-history":[{"count":0,"href":"https:\/\/archive.sana.sy\/tr\/index.php?rest_route=\/wp\/v2\/posts\/247827\/revisions"}],"wp:featuredmedia":[{"embeddable":true,"href":"https:\/\/archive.sana.sy\/tr\/index.php?rest_route=\/wp\/v2\/media\/247834"}],"wp:attachment":[{"href":"https:\/\/archive.sana.sy\/tr\/index.php?rest_route=%2Fwp%2Fv2%2Fmedia&parent=247827"}],"wp:term":[{"taxonomy":"category","embeddable":true,"href":"https:\/\/archive.sana.sy\/tr\/index.php?rest_route=%2Fwp%2Fv2%2Fcategories&post=247827"},{"taxonomy":"post_tag","embeddable":true,"href":"https:\/\/archive.sana.sy\/tr\/index.php?rest_route=%2Fwp%2Fv2%2Ftags&post=247827"}],"curies":[{"name":"wp","href":"https:\/\/api.w.org\/{rel}","templated":true}]}}