{"id":247844,"date":"2021-12-29T22:33:50","date_gmt":"2021-12-29T20:33:50","guid":{"rendered":"http:\/\/107.6.182.27\/tr\/?p=247844"},"modified":"2021-12-30T08:02:04","modified_gmt":"2021-12-30T06:02:04","slug":"arap-halter-sampiyonasinin-ikinci-gununde-suriyeye-4-bronz-madalya","status":"publish","type":"post","link":"https:\/\/archive.sana.sy\/tr\/?p=247844","title":{"rendered":"Arap Halter \u015eampiyonas\u0131&#8217;n\u0131n \u0130kinci G\u00fcn\u00fcnde Suriye&#8217;ye 4 Bronz Madalya"},"content":{"rendered":"<p style=\"text-align: justify;\">BA\u011eDAT &#8211; Suriye halter tak\u0131m\u0131, Irak&#8217;\u0131n ev sahipli\u011finde d\u00fczenlenen Arap \u015eampiyonas\u0131&#8217;n\u0131n ikinci g\u00fcn\u00fcnde d\u00f6rt bronz madalya kazand\u0131.<\/p>\n<p style=\"text-align: justify;\">Bronz madalyalar\u0131 k\u00fc\u00e7\u00fckler 81 kg&#8217;da El Mikdad Hasan uluslararas\u0131 antren\u00f6rler Muhammed Re\u015fa ve Ahid Cu\u011fayli g\u00f6zetiminde, koparmada 103 kg, silkmede 130 kg, toplamda 233 kg olmak \u00fczere \u00a03 madalya, d\u00f6rd\u00fcnc\u00fc madalyay\u0131 da\u00a0 El Mikdad Hasan gen\u00e7ler kategorisinde 103 kg kald\u0131rarak ald\u0131.<\/p>\n<p style=\"text-align: justify;\">Milli tak\u0131m oyuncumuz Cafer Meyya, turnuvan\u0131n a\u00e7\u0131l\u0131\u015f\u0131nda k\u00fc\u00e7\u00fckler ve gen\u00e7 kategorilerinde koparma m\u00fcsabakalar\u0131nda iki alt\u0131n, gen\u00e7ler silkme kategorisinde bir g\u00fcm\u00fc\u015f, erkekler kategorisinde silkmede bir bronz, k\u00fc\u00e7\u00fckler ve erkekler i\u00e7in toplamda iki bronz kazanm\u0131\u015ft\u0131.<\/p>\n<p style=\"text-align: justify;\">Yusuf S\u00fcleyman ise k\u00fc\u00e7\u00fckler, erkekler ve gen\u00e7ler dal\u0131 koparmada ve toplamda d\u00f6rt bronz, gen\u00e7ler kategorisinde ise koparmada g\u00fcm\u00fc\u015f madalya kazand\u0131.<\/p>\n","protected":false},"excerpt":{"rendered":"<p>BA\u011eDAT &#8211; Suriye halter tak\u0131m\u0131, Irak&#8217;\u0131n ev sahipli\u011finde d\u00fczenlenen Arap \u015eampiyonas\u0131&#8217;n\u0131n ikinci g\u00fcn\u00fcnde d\u00f6rt bronz madalya kazand\u0131. Bronz madalyalar\u0131 k\u00fc\u00e7\u00fckler 81 kg&#8217;da El Mikdad Hasan uluslararas\u0131 antren\u00f6rler Muhammed Re\u015fa ve Ahid Cu\u011fayli g\u00f6zetiminde, koparmada 103 kg, silkmede 130 kg, toplamda 233 kg olmak \u00fczere \u00a03 madalya, d\u00f6rd\u00fcnc\u00fc madalyay\u0131 da\u00a0 El Mikdad Hasan gen\u00e7ler kategorisinde 103 &hellip;<\/p>\n","protected":false},"author":1,"featured_media":247845,"comment_status":"closed","ping_status":"closed","sticky":false,"template":"","format":"standard","meta":{"footnotes":""},"categories":[498,17988,496],"tags":[],"class_list":["post-247844","post","type-post","status-publish","format-standard","has-post-thumbnail","","category-dunya-turnuvalari","category-son-haberler","category-spor"],"_links":{"self":[{"href":"https:\/\/archive.sana.sy\/tr\/index.php?rest_route=\/wp\/v2\/posts\/247844","targetHints":{"allow":["GET"]}}],"collection":[{"href":"https:\/\/archive.sana.sy\/tr\/index.php?rest_route=\/wp\/v2\/posts"}],"about":[{"href":"https:\/\/archive.sana.sy\/tr\/index.php?rest_route=\/wp\/v2\/types\/post"}],"author":[{"embeddable":true,"href":"https:\/\/archive.sana.sy\/tr\/index.php?rest_route=\/wp\/v2\/users\/1"}],"replies":[{"embeddable":true,"href":"https:\/\/archive.sana.sy\/tr\/index.php?rest_route=%2Fwp%2Fv2%2Fcomments&post=247844"}],"version-history":[{"count":0,"href":"https:\/\/archive.sana.sy\/tr\/index.php?rest_route=\/wp\/v2\/posts\/247844\/revisions"}],"wp:featuredmedia":[{"embeddable":true,"href":"https:\/\/archive.sana.sy\/tr\/index.php?rest_route=\/wp\/v2\/media\/247845"}],"wp:attachment":[{"href":"https:\/\/archive.sana.sy\/tr\/index.php?rest_route=%2Fwp%2Fv2%2Fmedia&parent=247844"}],"wp:term":[{"taxonomy":"category","embeddable":true,"href":"https:\/\/archive.sana.sy\/tr\/index.php?rest_route=%2Fwp%2Fv2%2Fcategories&post=247844"},{"taxonomy":"post_tag","embeddable":true,"href":"https:\/\/archive.sana.sy\/tr\/index.php?rest_route=%2Fwp%2Fv2%2Ftags&post=247844"}],"curies":[{"name":"wp","href":"https:\/\/api.w.org\/{rel}","templated":true}]}}