{"id":247847,"date":"2021-12-29T22:35:53","date_gmt":"2021-12-29T20:35:53","guid":{"rendered":"http:\/\/107.6.182.27\/tr\/?p=247847"},"modified":"2021-12-30T14:41:27","modified_gmt":"2021-12-30T12:41:27","slug":"lubnan-buyukelcisine-suriye-ustun-sinif-liyakat-nisani-verildi","status":"publish","type":"post","link":"https:\/\/archive.sana.sy\/tr\/?p=247847","title":{"rendered":"L\u00fcbnan B\u00fcy\u00fckel\u00e7isine Suriye \u00dcst\u00fcn S\u0131n\u0131f Liyakat Ni\u015fan\u0131 Verildi"},"content":{"rendered":"<p style=\"text-align: justify;\">\u015eAM &#8211; D\u0131\u015fi\u015fleri ve Gurbet\u00e7iler Bakanl\u0131\u011f\u0131, L\u00fcbnan Cumhuriyeti&#8217;nin \u015eam B\u00fcy\u00fckel\u00e7isi Saad Zahia&#8217;n\u0131n Suriye Arap Cumhuriyeti&#8217;nde B\u00fcy\u00fckel\u00e7ilik g\u00f6revinin sona ermesi m\u00fcnasebetiyle Four Seasons Otelde bug\u00fcn bir veda partisi d\u00fczenledi.<\/p>\n<p style=\"text-align: justify;\">T\u00f6ren s\u0131ras\u0131nda, D\u0131\u015fi\u015fleri ve Gurbet\u00e7iler Bakan Yard\u0131mc\u0131s\u0131 Dr. Be\u015f\u015far Caferi, iki karde\u015f \u00fclke aras\u0131ndaki ili\u015fkileri g\u00fc\u00e7lendirmeye y\u00f6nelik \u00e7abalar\u0131ndan dolay\u0131 B\u00fcy\u00fckel\u00e7i Zahia&#8217;ya Suriye \u00dcst\u00fcn S\u0131n\u0131f Liyakat Ni\u015fan\u0131&#8217;n\u0131 verdi.<\/p>\n<p style=\"text-align: justify;\">El Caferi, iki \u00fclke ve iki halk aras\u0131ndaki karde\u015flik ili\u015fkilerinin derinli\u011fini vurgulayarak, ikiz olduklar\u0131n\u0131 ve hi\u00e7bir taraf\u0131n onlar\u0131 ay\u0131ramayaca\u011f\u0131n\u0131 ve iki \u00fclke halklar\u0131n\u0131n &#8220;genetik olarak bir&#8221; oldu\u011funu belirtti ve; Zakhia&#8217;n\u0131n \u00e7abalar\u0131na dikkat \u00e7ekti.<\/p>\n<p style=\"text-align: justify;\">Caferi, L\u00fcbnan ve b\u00f6lgenin i\u00e7inde bulundu\u011fu zor \u015fartlara ra\u011fmen iki \u00fclkenin menfaatlerine hizmet eden ve bir\u00e7ok dosyay\u0131 y\u00f6netmedeki ba\u015far\u0131s\u0131na i\u015faret ederek, \u00e7abalar\u0131n\u0131n takdir ve ilgi g\u00f6sterdi\u011fine i\u015faret ederek, kendisine ba\u015far\u0131lar diledi.<\/p>\n<p style=\"text-align: justify;\">Buna kar\u015f\u0131l\u0131k B\u00fcy\u00fckel\u00e7i Zahia, kendisine bu madalyan\u0131n verilmesinden dolay\u0131 te\u015fekk\u00fcrlerini ve minnettarl\u0131\u011f\u0131n\u0131 dile getirdi ve iki \u00fclke aras\u0131ndaki kal\u0131c\u0131 entegrasyona ve haks\u0131zlar\u0131n kar\u015f\u0131 kar\u015f\u0131ya gelmesine ve ortadan kald\u0131r\u0131lmas\u0131na yol a\u00e7an kesin inanca dayanarak, iki halk\u0131n g\u00fcvenli\u011fine ula\u015fmak i\u00e7in halkla ili\u015fkilerdeki ili\u015fkileri ve faaliyetleri s\u00fcrd\u00fcrmek i\u00e7in \u0131srarl\u0131 ve azimli bir \u00e7abay\u0131 s\u00fcrd\u00fcrmenin bir te\u015fviki oldu\u011funu d\u00fc\u015f\u00fcnd\u00fc.<\/p>\n<p style=\"text-align: justify;\">B\u00fcy\u00fckel\u00e7i Zahia, Suriye h\u00fck\u00fcmeti ve halk\u0131na, D\u0131\u015fi\u015fleri Bakanl\u0131\u011f\u0131 personeline, akredite diplomatik birliklere, Suriye-L\u00fcbnan Y\u00fcksek Konseyi&#8217;ne ve L\u00fcbnan b\u00fcy\u00fckel\u00e7ili\u011fi personeline, B\u00fcy\u00fckel\u00e7i olarak g\u00f6revlerini tamamlamak \u00fczere kendisiyle i\u015fbirli\u011fi yapt\u0131klar\u0131 i\u00e7in te\u015fekk\u00fcrlerini ileterek, Suriye i\u00e7in mutlu Noeller, Yeni Y\u0131l vesilesiyle de ilerleme ve refah\u0131n devam\u0131n\u0131 diedi.<\/p>\n<p style=\"text-align: justify;\">T\u00f6rene \u015eam&#8217;da akredite olan \u00e7ok say\u0131da b\u00fcy\u00fckel\u00e7i ile D\u0131\u015fi\u015fleri ve Gurbet\u00e7iler Bakanl\u0131\u011f\u0131&#8217;na ba\u011fl\u0131 daire m\u00fcd\u00fcrleri kat\u0131ld\u0131.<\/p>\n","protected":false},"excerpt":{"rendered":"<p>\u015eAM &#8211; D\u0131\u015fi\u015fleri ve Gurbet\u00e7iler Bakanl\u0131\u011f\u0131, L\u00fcbnan Cumhuriyeti&#8217;nin \u015eam B\u00fcy\u00fckel\u00e7isi Saad Zahia&#8217;n\u0131n Suriye Arap Cumhuriyeti&#8217;nde B\u00fcy\u00fckel\u00e7ilik g\u00f6revinin sona ermesi m\u00fcnasebetiyle Four Seasons Otelde bug\u00fcn bir veda partisi d\u00fczenledi. T\u00f6ren s\u0131ras\u0131nda, D\u0131\u015fi\u015fleri ve Gurbet\u00e7iler Bakan Yard\u0131mc\u0131s\u0131 Dr. Be\u015f\u015far Caferi, iki karde\u015f \u00fclke aras\u0131ndaki ili\u015fkileri g\u00fc\u00e7lendirmeye y\u00f6nelik \u00e7abalar\u0131ndan dolay\u0131 B\u00fcy\u00fckel\u00e7i Zahia&#8217;ya Suriye \u00dcst\u00fcn S\u0131n\u0131f Liyakat Ni\u015fan\u0131&#8217;n\u0131 verdi. &hellip;<\/p>\n","protected":false},"author":1,"featured_media":247848,"comment_status":"closed","ping_status":"closed","sticky":false,"template":"","format":"standard","meta":{"footnotes":""},"categories":[479,17988,478],"tags":[],"class_list":["post-247847","post","type-post","status-publish","format-standard","has-post-thumbnail","","category-haberler-yerel","category-son-haberler","category-yerel"],"_links":{"self":[{"href":"https:\/\/archive.sana.sy\/tr\/index.php?rest_route=\/wp\/v2\/posts\/247847","targetHints":{"allow":["GET"]}}],"collection":[{"href":"https:\/\/archive.sana.sy\/tr\/index.php?rest_route=\/wp\/v2\/posts"}],"about":[{"href":"https:\/\/archive.sana.sy\/tr\/index.php?rest_route=\/wp\/v2\/types\/post"}],"author":[{"embeddable":true,"href":"https:\/\/archive.sana.sy\/tr\/index.php?rest_route=\/wp\/v2\/users\/1"}],"replies":[{"embeddable":true,"href":"https:\/\/archive.sana.sy\/tr\/index.php?rest_route=%2Fwp%2Fv2%2Fcomments&post=247847"}],"version-history":[{"count":0,"href":"https:\/\/archive.sana.sy\/tr\/index.php?rest_route=\/wp\/v2\/posts\/247847\/revisions"}],"wp:featuredmedia":[{"embeddable":true,"href":"https:\/\/archive.sana.sy\/tr\/index.php?rest_route=\/wp\/v2\/media\/247848"}],"wp:attachment":[{"href":"https:\/\/archive.sana.sy\/tr\/index.php?rest_route=%2Fwp%2Fv2%2Fmedia&parent=247847"}],"wp:term":[{"taxonomy":"category","embeddable":true,"href":"https:\/\/archive.sana.sy\/tr\/index.php?rest_route=%2Fwp%2Fv2%2Fcategories&post=247847"},{"taxonomy":"post_tag","embeddable":true,"href":"https:\/\/archive.sana.sy\/tr\/index.php?rest_route=%2Fwp%2Fv2%2Ftags&post=247847"}],"curies":[{"name":"wp","href":"https:\/\/api.w.org\/{rel}","templated":true}]}}