{"id":24785,"date":"2015-02-25T09:50:53","date_gmt":"2015-02-25T07:50:53","guid":{"rendered":"http:\/\/www.sana.sy\/tr\/?p=24785"},"modified":"2015-02-25T10:05:17","modified_gmt":"2015-02-25T08:05:17","slug":"baglantisiz-hareketinin-bakanlar-konferansi-teror-ile-ulkelere-baskiyi-kinadi-tahran-tahranda-duzenlenen-bilim-teknoloji-ve-yenilik-icin-baglantisiz-ulkeler-hareketi-bakanlar-konfe","status":"publish","type":"post","link":"https:\/\/archive.sana.sy\/tr\/?p=24785","title":{"rendered":"Ba\u011flant\u0131s\u0131z Hareketinin Bakanlar Konferans\u0131 Ter\u00f6r ile \u00dclkelere Bask\u0131y\u0131 K\u0131nad\u0131"},"content":{"rendered":"<p>TAHRAN \u2013 Tahran\u2019da d\u00fczenlenen Bilim, Teknoloji ve Yenilik i\u00e7in Ba\u011flant\u0131s\u0131z \u00dclkeler Hareketi Bakanlar Konferans\u0131na kat\u0131lanlar, ba\u015fta ba\u011flant\u0131s\u0131z \u00fclkeler hareketine \u00fcye baz\u0131 \u00fclkeler ter\u00f6r \u00f6rg\u00fctlerinin bilim, teknoloji ve icat kurumlar\u0131 ve \u00e7al\u0131\u015fanlar\u0131na y\u00f6nelik sald\u0131r\u0131lar\u0131 k\u0131nad\u0131.<\/p>\n<p>Kat\u0131l\u0131mc\u0131lar konferans sonunda yay\u0131nlad\u0131klar\u0131 deklarasyonda, haklar\u0131n\u0131 uygulamaktan men etmek i\u00e7in geli\u015fmekte olan \u00fclkelere her hangi t\u00fcrde bask\u0131 uygulanmas\u0131n\u0131 reddettiklerini belirttiler.<\/p>\n<p>Tahran deklarasyonu, aralar\u0131nda ba\u011flant\u0131s\u0131z \u00fclke hareketine \u00fcye \u00fclkeler dahil geli\u015fmekte olan \u00fclkelerin, korunmas\u0131na \u00e7a\u011fr\u0131 yaparak, Birle\u015fmi\u015f Milletlerden \u00e7evre y\u00f6n\u00fcnden temiz ve bar\u0131\u015f\u00e7\u0131l teknolojinin geli\u015ftirilmesi, nakli ve yayg\u0131nla\u015ft\u0131r\u0131lmas\u0131na \u00e7al\u0131\u015fmalar\u0131n peki\u015ftirilmesi konusunda teknolojiyi y\u00fcr\u00fctme mekanizmas\u0131n\u0131n kurulmas\u0131 talebinde bulundular.<\/p>\n<p>Tahran deklarasyonu, bilim ve teknolojinin b\u00fct\u00fcn \u00fclkelere ayr\u0131m g\u00f6zetmeksizin f\u0131rsat tan\u0131nmas\u0131 garantisinin verilmesi, herhangi bir devletin i\u00e7 kanunlar\u0131na d\u0131\u015f kanunlar\u0131n empoze edilmesi giri\u015fimlerini ve tek tarafl\u0131 yapt\u0131r\u0131mlar\u0131n uygulanmas\u0131 dahil her hangi ekonomik icraat \u015fekillerini de kabul etmeyeceklerini belirtti.<\/p>\n<p>Deklarasyon ayr\u0131ca, geli\u015fmekte olan \u00fclkelerin n\u00fckleer ara\u015ft\u0131rmalar ve n\u00fckleer enerji \u00fcretimini geli\u015ftirmek ve hi\u00e7bir ay\u0131r\u0131m g\u00f6zetmeksizin bar\u0131\u015f\u00e7\u0131l ama\u00e7l\u0131 kullanma hakk\u0131na sahip olduklar\u0131n\u0131 ifade etti.<\/p>\n<p>S.\u015e. &#8211; R.H.<\/p>\n","protected":false},"excerpt":{"rendered":"<p>TAHRAN \u2013 Tahran\u2019da d\u00fczenlenen Bilim, Teknoloji ve Yenilik i\u00e7in Ba\u011flant\u0131s\u0131z \u00dclkeler Hareketi Bakanlar Konferans\u0131na kat\u0131lanlar, ba\u015fta ba\u011flant\u0131s\u0131z \u00fclkeler hareketine \u00fcye baz\u0131 \u00fclkeler ter\u00f6r \u00f6rg\u00fctlerinin bilim, teknoloji ve icat kurumlar\u0131 ve \u00e7al\u0131\u015fanlar\u0131na y\u00f6nelik sald\u0131r\u0131lar\u0131 k\u0131nad\u0131. Kat\u0131l\u0131mc\u0131lar konferans sonunda yay\u0131nlad\u0131klar\u0131 deklarasyonda, haklar\u0131n\u0131 uygulamaktan men etmek i\u00e7in geli\u015fmekte olan \u00fclkelere her hangi t\u00fcrde bask\u0131 uygulanmas\u0131n\u0131 reddettiklerini belirttiler. Tahran &hellip;<\/p>\n","protected":false},"author":1,"featured_media":24786,"comment_status":"closed","ping_status":"closed","sticky":false,"template":"","format":"standard","meta":{"footnotes":""},"categories":[458,459,447],"tags":[11830,11832,11833,11831],"class_list":["post-24785","post","type-post","status-publish","format-standard","has-post-thumbnail","","category-dunya1","category-haberler-arap-uluslararasi-politika","category-politika","tag-baglantisiz-hareketinin-bakanlar-konferansi-teror-ile-ulkelere-baskiyi-kinadi-tahran-tahranda-duzenlenen-bilim","tag-basta-baglantisiz-ulkeler-hareketine-uye-bazi-ulkeler-teror-orgutlerinin-bilim","tag-teknoloji-ve-icat-kurumlari-ve-calisanlarina-yonelik-saldirilari-kinadi","tag-teknoloji-ve-yenilik-icin-baglantisiz-ulkeler-hareketi-bakanlar-konferansina-katilanlar"],"_links":{"self":[{"href":"https:\/\/archive.sana.sy\/tr\/index.php?rest_route=\/wp\/v2\/posts\/24785","targetHints":{"allow":["GET"]}}],"collection":[{"href":"https:\/\/archive.sana.sy\/tr\/index.php?rest_route=\/wp\/v2\/posts"}],"about":[{"href":"https:\/\/archive.sana.sy\/tr\/index.php?rest_route=\/wp\/v2\/types\/post"}],"author":[{"embeddable":true,"href":"https:\/\/archive.sana.sy\/tr\/index.php?rest_route=\/wp\/v2\/users\/1"}],"replies":[{"embeddable":true,"href":"https:\/\/archive.sana.sy\/tr\/index.php?rest_route=%2Fwp%2Fv2%2Fcomments&post=24785"}],"version-history":[{"count":0,"href":"https:\/\/archive.sana.sy\/tr\/index.php?rest_route=\/wp\/v2\/posts\/24785\/revisions"}],"wp:featuredmedia":[{"embeddable":true,"href":"https:\/\/archive.sana.sy\/tr\/index.php?rest_route=\/wp\/v2\/media\/24786"}],"wp:attachment":[{"href":"https:\/\/archive.sana.sy\/tr\/index.php?rest_route=%2Fwp%2Fv2%2Fmedia&parent=24785"}],"wp:term":[{"taxonomy":"category","embeddable":true,"href":"https:\/\/archive.sana.sy\/tr\/index.php?rest_route=%2Fwp%2Fv2%2Fcategories&post=24785"},{"taxonomy":"post_tag","embeddable":true,"href":"https:\/\/archive.sana.sy\/tr\/index.php?rest_route=%2Fwp%2Fv2%2Ftags&post=24785"}],"curies":[{"name":"wp","href":"https:\/\/api.w.org\/{rel}","templated":true}]}}