{"id":247850,"date":"2021-12-29T22:37:50","date_gmt":"2021-12-29T20:37:50","guid":{"rendered":"http:\/\/107.6.182.27\/tr\/?p=247850"},"modified":"2021-12-31T09:38:30","modified_gmt":"2021-12-31T07:38:30","slug":"tartus-limanindaki-bugday-gemileri-bosaltilarak-illere-sevkiyati-yapiliyor","status":"publish","type":"post","link":"https:\/\/archive.sana.sy\/tr\/?p=247850","title":{"rendered":"Tartus Liman\u0131ndaki Bu\u011fday Gemileri Bo\u015falt\u0131larak \u0130llere Sevkiyat\u0131 Yap\u0131l\u0131yor"},"content":{"rendered":"<p style=\"text-align: justify;\">TARTUS &#8211; \u0130\u00e7 Ticaret ve T\u00fcketiciyi Koruma Bakan\u0131 Dr. Amr Salim, Tartus liman\u0131na gelen gemilerden bu\u011fday\u0131n illere sevk edilmek \u00fczere y\u00fcksek oranda bo\u015falt\u0131ld\u0131\u011f\u0131n\u0131 ilan etti.<\/p>\n<p style=\"text-align: justify;\">Bakan Salim, bo\u015faltma operasyonlar\u0131n\u0131 yerinde g\u00f6rmek \u00fczere bug\u00fcn Tartus liman\u0131ndaki tah\u0131l silosunda yapt\u0131\u011f\u0131 gezide \u015funlar\u0131 s\u00f6yledi: Hedefinin gemilerin bo\u015falt\u0131lmas\u0131 \u00f6n\u00fcnde duran herhangi aksakl\u0131\u011f\u0131 gidermek ve di\u011fer illere kargo i\u015flemini g\u00f6zetlemek oldu\u011funu s\u00f6yledi.<\/p>\n<p style=\"text-align: justify;\">\u0130\u00e7 Ticaret Bakan\u0131, bu\u011fday\u0131n illere ta\u015f\u0131nmas\u0131 i\u00e7in daha fazla kargo arac\u0131n\u0131n temin edildi\u011fine i\u015faret ederek, bo\u015faltma i\u015flemlerinin y\u00fcksek bir h\u0131zla devam etti\u011fini belirtti.<\/p>\n<p style=\"text-align: justify;\">Tartus Valisi Safvan Abu Saada da benzer bir a\u00e7\u0131klamada, &#8220;Bu\u011fday\u0131n bo\u015falt\u0131lmas\u0131 \u00e7al\u0131\u015fmalar\u0131n\u0131n \u00f6n\u00fcnde herhangi bir engel yok, belirtilen b\u00f6lgelere nakletmek ve sevk etmek i\u00e7in \u00e7al\u0131\u015fmalar devam ediyor&#8221; dedi.<\/p>\n<p style=\"text-align: justify;\">Suriye Tah\u0131l \u015eirketi M\u00fcd\u00fcr\u00fc M\u00fchendis Abdul Latif El Emin ise, bo\u015faltma i\u015flemlerinin istenen \u015fekilde devam etti\u011fini ve bu\u011fday\u0131n y\u00fck vagonlar\u0131yla \u00e7e\u015fitli b\u00f6lgelere ta\u015f\u0131naca\u011f\u0131n\u0131 belirtti.<\/p>\n","protected":false},"excerpt":{"rendered":"<p>TARTUS &#8211; \u0130\u00e7 Ticaret ve T\u00fcketiciyi Koruma Bakan\u0131 Dr. Amr Salim, Tartus liman\u0131na gelen gemilerden bu\u011fday\u0131n illere sevk edilmek \u00fczere y\u00fcksek oranda bo\u015falt\u0131ld\u0131\u011f\u0131n\u0131 ilan etti. Bakan Salim, bo\u015faltma operasyonlar\u0131n\u0131 yerinde g\u00f6rmek \u00fczere bug\u00fcn Tartus liman\u0131ndaki tah\u0131l silosunda yapt\u0131\u011f\u0131 gezide \u015funlar\u0131 s\u00f6yledi: Hedefinin gemilerin bo\u015falt\u0131lmas\u0131 \u00f6n\u00fcnde duran herhangi aksakl\u0131\u011f\u0131 gidermek ve di\u011fer illere kargo i\u015flemini g\u00f6zetlemek &hellip;<\/p>\n","protected":false},"author":1,"featured_media":247851,"comment_status":"closed","ping_status":"closed","sticky":false,"template":"","format":"standard","meta":{"footnotes":""},"categories":[479,17988,478],"tags":[],"class_list":["post-247850","post","type-post","status-publish","format-standard","has-post-thumbnail","","category-haberler-yerel","category-son-haberler","category-yerel"],"_links":{"self":[{"href":"https:\/\/archive.sana.sy\/tr\/index.php?rest_route=\/wp\/v2\/posts\/247850","targetHints":{"allow":["GET"]}}],"collection":[{"href":"https:\/\/archive.sana.sy\/tr\/index.php?rest_route=\/wp\/v2\/posts"}],"about":[{"href":"https:\/\/archive.sana.sy\/tr\/index.php?rest_route=\/wp\/v2\/types\/post"}],"author":[{"embeddable":true,"href":"https:\/\/archive.sana.sy\/tr\/index.php?rest_route=\/wp\/v2\/users\/1"}],"replies":[{"embeddable":true,"href":"https:\/\/archive.sana.sy\/tr\/index.php?rest_route=%2Fwp%2Fv2%2Fcomments&post=247850"}],"version-history":[{"count":0,"href":"https:\/\/archive.sana.sy\/tr\/index.php?rest_route=\/wp\/v2\/posts\/247850\/revisions"}],"wp:featuredmedia":[{"embeddable":true,"href":"https:\/\/archive.sana.sy\/tr\/index.php?rest_route=\/wp\/v2\/media\/247851"}],"wp:attachment":[{"href":"https:\/\/archive.sana.sy\/tr\/index.php?rest_route=%2Fwp%2Fv2%2Fmedia&parent=247850"}],"wp:term":[{"taxonomy":"category","embeddable":true,"href":"https:\/\/archive.sana.sy\/tr\/index.php?rest_route=%2Fwp%2Fv2%2Fcategories&post=247850"},{"taxonomy":"post_tag","embeddable":true,"href":"https:\/\/archive.sana.sy\/tr\/index.php?rest_route=%2Fwp%2Fv2%2Ftags&post=247850"}],"curies":[{"name":"wp","href":"https:\/\/api.w.org\/{rel}","templated":true}]}}