{"id":247860,"date":"2021-12-30T09:32:33","date_gmt":"2021-12-30T07:32:33","guid":{"rendered":"http:\/\/107.6.182.27\/tr\/?p=247860"},"modified":"2021-12-31T09:38:42","modified_gmt":"2021-12-31T07:38:42","slug":"haseke-kirsalinda-turk-rejiminin-kursunlariyla-bir-vatandas-yaralandi","status":"publish","type":"post","link":"https:\/\/archive.sana.sy\/tr\/?p=247860","title":{"rendered":"Haseke K\u0131rsal\u0131nda T\u00fcrk Rejiminin Kur\u015funlar\u0131yla Bir Vatanda\u015f Yaraland\u0131"},"content":{"rendered":"<p>HASEKE \u2013 Haseke k\u0131rsal\u0131n\u0131n kuzeydo\u011fusunda yer alan El Malikiye k\u0131rsal\u0131nda T\u00fcrk rejimine ba\u011fl\u0131 hudut muhaf\u0131zlar\u0131 taraf\u0131ndan kas\u0131tl\u0131 olarak ate\u015f a\u00e7\u0131lmas\u0131 sonucunda bir vatanda\u015f yaraland\u0131.<\/p>\n<p>Yerel kaynaklar SANA&#8217;ya, T\u00fcrkiye s\u0131n\u0131r\u0131na yak\u0131n El Malikiye k\u0131rsal\u0131n\u0131n kuzeyinde yer alan El Muabada il\u00e7esi yak\u0131nlar\u0131nda koyun otlat\u0131rken T\u00fcrk rejimi s\u0131n\u0131r muhaf\u0131zlar\u0131n\u0131n kastl\u0131 olarak makineli t\u00fcfeklerle kendisini hedef almas\u0131 sonucunda bir vatanda\u015f\u0131n ciddi \u015fekilde yaraland\u0131\u011f\u0131n\u0131 belirtti.<\/p>\n","protected":false},"excerpt":{"rendered":"<p>HASEKE \u2013 Haseke k\u0131rsal\u0131n\u0131n kuzeydo\u011fusunda yer alan El Malikiye k\u0131rsal\u0131nda T\u00fcrk rejimine ba\u011fl\u0131 hudut muhaf\u0131zlar\u0131 taraf\u0131ndan kas\u0131tl\u0131 olarak ate\u015f a\u00e7\u0131lmas\u0131 sonucunda bir vatanda\u015f yaraland\u0131. Yerel kaynaklar SANA&#8217;ya, T\u00fcrkiye s\u0131n\u0131r\u0131na yak\u0131n El Malikiye k\u0131rsal\u0131n\u0131n kuzeyinde yer alan El Muabada il\u00e7esi yak\u0131nlar\u0131nda koyun otlat\u0131rken T\u00fcrk rejimi s\u0131n\u0131r muhaf\u0131zlar\u0131n\u0131n kastl\u0131 olarak makineli t\u00fcfeklerle kendisini hedef almas\u0131 sonucunda bir &hellip;<\/p>\n","protected":false},"author":36,"featured_media":247861,"comment_status":"closed","ping_status":"closed","sticky":false,"template":"","format":"standard","meta":{"footnotes":""},"categories":[479,575,17988,2554,2555,478],"tags":[],"class_list":["post-247860","post","type-post","status-publish","format-standard","has-post-thumbnail","","category-haberler-yerel","category-olaylar-ve-gercekler","category-son-haberler","category-suriye-ve-dunya","category-suriye-ve-turkiye","category-yerel"],"_links":{"self":[{"href":"https:\/\/archive.sana.sy\/tr\/index.php?rest_route=\/wp\/v2\/posts\/247860","targetHints":{"allow":["GET"]}}],"collection":[{"href":"https:\/\/archive.sana.sy\/tr\/index.php?rest_route=\/wp\/v2\/posts"}],"about":[{"href":"https:\/\/archive.sana.sy\/tr\/index.php?rest_route=\/wp\/v2\/types\/post"}],"author":[{"embeddable":true,"href":"https:\/\/archive.sana.sy\/tr\/index.php?rest_route=\/wp\/v2\/users\/36"}],"replies":[{"embeddable":true,"href":"https:\/\/archive.sana.sy\/tr\/index.php?rest_route=%2Fwp%2Fv2%2Fcomments&post=247860"}],"version-history":[{"count":0,"href":"https:\/\/archive.sana.sy\/tr\/index.php?rest_route=\/wp\/v2\/posts\/247860\/revisions"}],"wp:featuredmedia":[{"embeddable":true,"href":"https:\/\/archive.sana.sy\/tr\/index.php?rest_route=\/wp\/v2\/media\/247861"}],"wp:attachment":[{"href":"https:\/\/archive.sana.sy\/tr\/index.php?rest_route=%2Fwp%2Fv2%2Fmedia&parent=247860"}],"wp:term":[{"taxonomy":"category","embeddable":true,"href":"https:\/\/archive.sana.sy\/tr\/index.php?rest_route=%2Fwp%2Fv2%2Fcategories&post=247860"},{"taxonomy":"post_tag","embeddable":true,"href":"https:\/\/archive.sana.sy\/tr\/index.php?rest_route=%2Fwp%2Fv2%2Ftags&post=247860"}],"curies":[{"name":"wp","href":"https:\/\/api.w.org\/{rel}","templated":true}]}}