{"id":247863,"date":"2021-12-30T10:21:30","date_gmt":"2021-12-30T08:21:30","guid":{"rendered":"http:\/\/107.6.182.27\/tr\/?p=247863"},"modified":"2021-12-31T09:38:45","modified_gmt":"2021-12-31T07:38:45","slug":"halep-kirsalinda-turk-isgalinden-destekli-teror-gruplari-arasinda-catismalar-yenilendi","status":"publish","type":"post","link":"https:\/\/archive.sana.sy\/tr\/?p=247863","title":{"rendered":"Halep K\u0131rsal\u0131nda T\u00fcrk \u0130\u015fgalinden Destekli Ter\u00f6r Gruplar\u0131 Aras\u0131nda \u00c7at\u0131\u015fmalar Yenilendi"},"content":{"rendered":"<p>HALEP \u2013 Halep k\u0131rsal\u0131n\u0131n kuzeyinde yer alan El Bab b\u00f6lgesinde aralar\u0131nda yeniden \u00e7\u0131kan \u00e7at\u0131\u015fmada T\u00fcrk i\u015fgaline ba\u011fl\u0131 en az iki ter\u00f6rist \u00f6ld\u00fcr\u00fcld\u00fc ve baz\u0131lar\u0131 da yaraland\u0131.<\/p>\n<p>Yerel kaynaklar SANA&#8217;ya yapt\u0131\u011f\u0131 a\u00e7\u0131klamada, Halep k\u0131rsal\u0131n\u0131n kuzeyinde yer alan El Bab b\u00f6lgesindeki El Tafria k\u00f6y\u00fcnde \u00e7al\u0131nt\u0131 mallar\u0131n payla\u015f\u0131m\u0131 ve tar\u0131m arazilerine ve vatanda\u015flar\u0131n m\u00fclklerine el konulmas\u0131 \u00fczerine \u00e7\u0131kan bir tart\u0131\u015fman\u0131n ard\u0131ndan s\u00f6zde \u201cHamza T\u00fcmeni\u201d ter\u00f6ristleri aras\u0131nda otomatik silahlarla \u015fiddetli \u00e7at\u0131\u015fmalar\u0131n patlak verdi\u011fini belirtti.<\/p>\n<p>Kaynaklar, \u00e7at\u0131\u015fmalar\u0131n en az iki ter\u00f6ristin \u00f6l\u00fcm\u00fcyle, 4 ter\u00f6ristin yaralanmas\u0131yla sonu\u00e7land\u0131\u011f\u0131na i\u015faret etti.<\/p>\n","protected":false},"excerpt":{"rendered":"<p>HALEP \u2013 Halep k\u0131rsal\u0131n\u0131n kuzeyinde yer alan El Bab b\u00f6lgesinde aralar\u0131nda yeniden \u00e7\u0131kan \u00e7at\u0131\u015fmada T\u00fcrk i\u015fgaline ba\u011fl\u0131 en az iki ter\u00f6rist \u00f6ld\u00fcr\u00fcld\u00fc ve baz\u0131lar\u0131 da yaraland\u0131. Yerel kaynaklar SANA&#8217;ya yapt\u0131\u011f\u0131 a\u00e7\u0131klamada, Halep k\u0131rsal\u0131n\u0131n kuzeyinde yer alan El Bab b\u00f6lgesindeki El Tafria k\u00f6y\u00fcnde \u00e7al\u0131nt\u0131 mallar\u0131n payla\u015f\u0131m\u0131 ve tar\u0131m arazilerine ve vatanda\u015flar\u0131n m\u00fclklerine el konulmas\u0131 \u00fczerine \u00e7\u0131kan &hellip;<\/p>\n","protected":false},"author":36,"featured_media":247864,"comment_status":"closed","ping_status":"closed","sticky":false,"template":"","format":"standard","meta":{"footnotes":""},"categories":[479,575,17988,2554,2555,478],"tags":[],"class_list":["post-247863","post","type-post","status-publish","format-standard","has-post-thumbnail","","category-haberler-yerel","category-olaylar-ve-gercekler","category-son-haberler","category-suriye-ve-dunya","category-suriye-ve-turkiye","category-yerel"],"_links":{"self":[{"href":"https:\/\/archive.sana.sy\/tr\/index.php?rest_route=\/wp\/v2\/posts\/247863","targetHints":{"allow":["GET"]}}],"collection":[{"href":"https:\/\/archive.sana.sy\/tr\/index.php?rest_route=\/wp\/v2\/posts"}],"about":[{"href":"https:\/\/archive.sana.sy\/tr\/index.php?rest_route=\/wp\/v2\/types\/post"}],"author":[{"embeddable":true,"href":"https:\/\/archive.sana.sy\/tr\/index.php?rest_route=\/wp\/v2\/users\/36"}],"replies":[{"embeddable":true,"href":"https:\/\/archive.sana.sy\/tr\/index.php?rest_route=%2Fwp%2Fv2%2Fcomments&post=247863"}],"version-history":[{"count":0,"href":"https:\/\/archive.sana.sy\/tr\/index.php?rest_route=\/wp\/v2\/posts\/247863\/revisions"}],"wp:featuredmedia":[{"embeddable":true,"href":"https:\/\/archive.sana.sy\/tr\/index.php?rest_route=\/wp\/v2\/media\/247864"}],"wp:attachment":[{"href":"https:\/\/archive.sana.sy\/tr\/index.php?rest_route=%2Fwp%2Fv2%2Fmedia&parent=247863"}],"wp:term":[{"taxonomy":"category","embeddable":true,"href":"https:\/\/archive.sana.sy\/tr\/index.php?rest_route=%2Fwp%2Fv2%2Fcategories&post=247863"},{"taxonomy":"post_tag","embeddable":true,"href":"https:\/\/archive.sana.sy\/tr\/index.php?rest_route=%2Fwp%2Fv2%2Ftags&post=247863"}],"curies":[{"name":"wp","href":"https:\/\/api.w.org\/{rel}","templated":true}]}}