{"id":247866,"date":"2021-12-30T11:31:03","date_gmt":"2021-12-30T09:31:03","guid":{"rendered":"http:\/\/107.6.182.27\/tr\/?p=247866"},"modified":"2021-12-31T09:38:48","modified_gmt":"2021-12-31T07:38:48","slug":"dsg-milisleri-el-hol-kampindan-birkac-sivili-kacirdi-3","status":"publish","type":"post","link":"https:\/\/archive.sana.sy\/tr\/?p=247866","title":{"rendered":"DSG Milisleri, El Hol Kamp\u0131ndan Birka\u00e7 Sivili Ka\u00e7\u0131rd\u0131"},"content":{"rendered":"<p>HASEKE \u2013 DSG milislerine ba\u011fl\u0131 silahl\u0131 gruplar, Haseke k\u0131rsal\u0131n\u0131n do\u011fusunda yer alan Amerikan i\u015fgal g\u00fc\u00e7lerinin deste\u011fiyle kontrol ettikleri El Hol m\u00fclteci kamp\u0131n\u0131n \u00e7e\u015fitli b\u00f6l\u00fcmlerine bask\u0131n d\u00fczenledi ve \u00e7ok say\u0131da sakinini ka\u00e7\u0131rd\u0131.<\/p>\n<p>Yerel kaynaklar SANA muhabirine yapt\u0131\u011f\u0131 a\u00e7\u0131klamada, silahl\u0131 milis gruplar\u0131n\u0131n bug\u00fcn \u015fafak vakti El Hol kamp\u0131n\u0131n \u00e7e\u015fitli b\u00f6l\u00fcmlerine bask\u0131n d\u00fczenledi\u011fini belirtirken, aralar\u0131nda iki kad\u0131n ve birka\u00e7 \u00e7ocu\u011fun da bulundu\u011fu \u00e7ok say\u0131da sakini ka\u00e7\u0131r\u0131p bilinmeyen bir yere g\u00f6t\u00fcrd\u00fcklerine i\u015faret etti.<\/p>\n","protected":false},"excerpt":{"rendered":"<p>HASEKE \u2013 DSG milislerine ba\u011fl\u0131 silahl\u0131 gruplar, Haseke k\u0131rsal\u0131n\u0131n do\u011fusunda yer alan Amerikan i\u015fgal g\u00fc\u00e7lerinin deste\u011fiyle kontrol ettikleri El Hol m\u00fclteci kamp\u0131n\u0131n \u00e7e\u015fitli b\u00f6l\u00fcmlerine bask\u0131n d\u00fczenledi ve \u00e7ok say\u0131da sakinini ka\u00e7\u0131rd\u0131. Yerel kaynaklar SANA muhabirine yapt\u0131\u011f\u0131 a\u00e7\u0131klamada, silahl\u0131 milis gruplar\u0131n\u0131n bug\u00fcn \u015fafak vakti El Hol kamp\u0131n\u0131n \u00e7e\u015fitli b\u00f6l\u00fcmlerine bask\u0131n d\u00fczenledi\u011fini belirtirken, aralar\u0131nda iki kad\u0131n ve &hellip;<\/p>\n","protected":false},"author":36,"featured_media":247867,"comment_status":"closed","ping_status":"closed","sticky":false,"template":"","format":"standard","meta":{"footnotes":""},"categories":[479,575,17988,478],"tags":[],"class_list":["post-247866","post","type-post","status-publish","format-standard","has-post-thumbnail","","category-haberler-yerel","category-olaylar-ve-gercekler","category-son-haberler","category-yerel"],"_links":{"self":[{"href":"https:\/\/archive.sana.sy\/tr\/index.php?rest_route=\/wp\/v2\/posts\/247866","targetHints":{"allow":["GET"]}}],"collection":[{"href":"https:\/\/archive.sana.sy\/tr\/index.php?rest_route=\/wp\/v2\/posts"}],"about":[{"href":"https:\/\/archive.sana.sy\/tr\/index.php?rest_route=\/wp\/v2\/types\/post"}],"author":[{"embeddable":true,"href":"https:\/\/archive.sana.sy\/tr\/index.php?rest_route=\/wp\/v2\/users\/36"}],"replies":[{"embeddable":true,"href":"https:\/\/archive.sana.sy\/tr\/index.php?rest_route=%2Fwp%2Fv2%2Fcomments&post=247866"}],"version-history":[{"count":0,"href":"https:\/\/archive.sana.sy\/tr\/index.php?rest_route=\/wp\/v2\/posts\/247866\/revisions"}],"wp:featuredmedia":[{"embeddable":true,"href":"https:\/\/archive.sana.sy\/tr\/index.php?rest_route=\/wp\/v2\/media\/247867"}],"wp:attachment":[{"href":"https:\/\/archive.sana.sy\/tr\/index.php?rest_route=%2Fwp%2Fv2%2Fmedia&parent=247866"}],"wp:term":[{"taxonomy":"category","embeddable":true,"href":"https:\/\/archive.sana.sy\/tr\/index.php?rest_route=%2Fwp%2Fv2%2Fcategories&post=247866"},{"taxonomy":"post_tag","embeddable":true,"href":"https:\/\/archive.sana.sy\/tr\/index.php?rest_route=%2Fwp%2Fv2%2Ftags&post=247866"}],"curies":[{"name":"wp","href":"https:\/\/api.w.org\/{rel}","templated":true}]}}