{"id":247869,"date":"2021-12-30T11:58:52","date_gmt":"2021-12-30T09:58:52","guid":{"rendered":"http:\/\/107.6.182.27\/tr\/?p=247869"},"modified":"2022-01-02T09:09:09","modified_gmt":"2022-01-02T07:09:09","slug":"deyrezzor-ilindeki-kapsamli-cozum-surecine-onlarca-kisi-katildi-2","status":"publish","type":"post","link":"https:\/\/archive.sana.sy\/tr\/?p=247869","title":{"rendered":"Deyrezzor \u0130lindeki Kapsaml\u0131 \u00c7\u00f6z\u00fcm S\u00fcrecine Onlarca Ki\u015fi Kat\u0131ld\u0131"},"content":{"rendered":"<p>DEYREZZOR \u2013 Deyrezzor k\u0131rsal\u0131n\u0131n g\u00fcneydo\u011fusunda yer alan El Mayadin kent merkezindeki yerle\u015fim s\u00fcrecine onlarca ki\u015fi kat\u0131ld\u0131.<\/p>\n<p>\u00d6n\u00fcm\u00fczdeki g\u00fcnlerde, herkesin durumunu \u00e7\u00f6zme f\u0131rsat\u0131n\u0131 vermek i\u00e7in \u00e7\u00f6z\u00fcm s\u00fcreci El Mayadin Merkezinde devam edecek.<\/p>\n<div id='gallery-1' class='gallery galleryid-247869 gallery-columns-1 gallery-size-full'><figure class='gallery-item'>\n\t\t\t<div class='gallery-icon landscape'>\n\t\t\t\t<a href='https:\/\/archive.sana.sy\/tr\/wp-content\/uploads\/2021\/12\/10-110.jpg'><img loading=\"lazy\" decoding=\"async\" width=\"660\" height=\"366\" src=\"https:\/\/archive.sana.sy\/tr\/wp-content\/uploads\/2021\/12\/10-110.jpg\" class=\"attachment-full size-full\" alt=\"\" srcset=\"https:\/\/archive.sana.sy\/tr\/wp-content\/uploads\/2021\/12\/10-110.jpg 660w, https:\/\/archive.sana.sy\/tr\/wp-content\/uploads\/2021\/12\/10-110-300x166.jpg 300w, https:\/\/archive.sana.sy\/tr\/wp-content\/uploads\/2021\/12\/10-110-150x83.jpg 150w\" sizes=\"auto, (max-width: 660px) 100vw, 660px\" \/><\/a>\n\t\t\t<\/div><\/figure><figure class='gallery-item'>\n\t\t\t<div class='gallery-icon landscape'>\n\t\t\t\t<a href='https:\/\/archive.sana.sy\/tr\/wp-content\/uploads\/2021\/12\/11-106.jpg'><img loading=\"lazy\" decoding=\"async\" width=\"660\" height=\"368\" src=\"https:\/\/archive.sana.sy\/tr\/wp-content\/uploads\/2021\/12\/11-106.jpg\" class=\"attachment-full size-full\" alt=\"\" srcset=\"https:\/\/archive.sana.sy\/tr\/wp-content\/uploads\/2021\/12\/11-106.jpg 660w, https:\/\/archive.sana.sy\/tr\/wp-content\/uploads\/2021\/12\/11-106-300x167.jpg 300w, https:\/\/archive.sana.sy\/tr\/wp-content\/uploads\/2021\/12\/11-106-150x84.jpg 150w\" sizes=\"auto, (max-width: 660px) 100vw, 660px\" \/><\/a>\n\t\t\t<\/div><\/figure><figure class='gallery-item'>\n\t\t\t<div class='gallery-icon landscape'>\n\t\t\t\t<a href='https:\/\/archive.sana.sy\/tr\/wp-content\/uploads\/2021\/12\/12-87.jpg'><img loading=\"lazy\" decoding=\"async\" width=\"660\" height=\"348\" src=\"https:\/\/archive.sana.sy\/tr\/wp-content\/uploads\/2021\/12\/12-87.jpg\" class=\"attachment-full size-full\" alt=\"\" srcset=\"https:\/\/archive.sana.sy\/tr\/wp-content\/uploads\/2021\/12\/12-87.jpg 660w, https:\/\/archive.sana.sy\/tr\/wp-content\/uploads\/2021\/12\/12-87-300x158.jpg 300w, https:\/\/archive.sana.sy\/tr\/wp-content\/uploads\/2021\/12\/12-87-150x79.jpg 150w\" sizes=\"auto, (max-width: 660px) 100vw, 660px\" \/><\/a>\n\t\t\t<\/div><\/figure><figure class='gallery-item'>\n\t\t\t<div class='gallery-icon landscape'>\n\t\t\t\t<a href='https:\/\/archive.sana.sy\/tr\/wp-content\/uploads\/2021\/12\/13-73.jpg'><img loading=\"lazy\" decoding=\"async\" width=\"660\" height=\"376\" src=\"https:\/\/archive.sana.sy\/tr\/wp-content\/uploads\/2021\/12\/13-73.jpg\" class=\"attachment-full size-full\" alt=\"\" srcset=\"https:\/\/archive.sana.sy\/tr\/wp-content\/uploads\/2021\/12\/13-73.jpg 660w, https:\/\/archive.sana.sy\/tr\/wp-content\/uploads\/2021\/12\/13-73-300x171.jpg 300w, https:\/\/archive.sana.sy\/tr\/wp-content\/uploads\/2021\/12\/13-73-150x85.jpg 150w\" sizes=\"auto, (max-width: 660px) 100vw, 660px\" \/><\/a>\n\t\t\t<\/div><\/figure>\n\t\t<\/div>\n\n","protected":false},"excerpt":{"rendered":"<p>DEYREZZOR \u2013 Deyrezzor k\u0131rsal\u0131n\u0131n g\u00fcneydo\u011fusunda yer alan El Mayadin kent merkezindeki yerle\u015fim s\u00fcrecine onlarca ki\u015fi kat\u0131ld\u0131. \u00d6n\u00fcm\u00fczdeki g\u00fcnlerde, herkesin durumunu \u00e7\u00f6zme f\u0131rsat\u0131n\u0131 vermek i\u00e7in \u00e7\u00f6z\u00fcm s\u00fcreci El Mayadin Merkezinde devam edecek.<\/p>\n","protected":false},"author":36,"featured_media":247874,"comment_status":"closed","ping_status":"closed","sticky":false,"template":"","format":"standard","meta":{"footnotes":""},"categories":[596,479,17988,478],"tags":[],"class_list":["post-247869","post","type-post","status-publish","format-standard","has-post-thumbnail","","category-fotografli-raporlar","category-haberler-yerel","category-son-haberler","category-yerel"],"_links":{"self":[{"href":"https:\/\/archive.sana.sy\/tr\/index.php?rest_route=\/wp\/v2\/posts\/247869","targetHints":{"allow":["GET"]}}],"collection":[{"href":"https:\/\/archive.sana.sy\/tr\/index.php?rest_route=\/wp\/v2\/posts"}],"about":[{"href":"https:\/\/archive.sana.sy\/tr\/index.php?rest_route=\/wp\/v2\/types\/post"}],"author":[{"embeddable":true,"href":"https:\/\/archive.sana.sy\/tr\/index.php?rest_route=\/wp\/v2\/users\/36"}],"replies":[{"embeddable":true,"href":"https:\/\/archive.sana.sy\/tr\/index.php?rest_route=%2Fwp%2Fv2%2Fcomments&post=247869"}],"version-history":[{"count":0,"href":"https:\/\/archive.sana.sy\/tr\/index.php?rest_route=\/wp\/v2\/posts\/247869\/revisions"}],"wp:featuredmedia":[{"embeddable":true,"href":"https:\/\/archive.sana.sy\/tr\/index.php?rest_route=\/wp\/v2\/media\/247874"}],"wp:attachment":[{"href":"https:\/\/archive.sana.sy\/tr\/index.php?rest_route=%2Fwp%2Fv2%2Fmedia&parent=247869"}],"wp:term":[{"taxonomy":"category","embeddable":true,"href":"https:\/\/archive.sana.sy\/tr\/index.php?rest_route=%2Fwp%2Fv2%2Fcategories&post=247869"},{"taxonomy":"post_tag","embeddable":true,"href":"https:\/\/archive.sana.sy\/tr\/index.php?rest_route=%2Fwp%2Fv2%2Ftags&post=247869"}],"curies":[{"name":"wp","href":"https:\/\/api.w.org\/{rel}","templated":true}]}}