{"id":247876,"date":"2021-12-30T14:40:54","date_gmt":"2021-12-30T12:40:54","guid":{"rendered":"http:\/\/107.6.182.27\/tr\/?p=247876"},"modified":"2022-01-02T09:09:15","modified_gmt":"2022-01-02T07:09:15","slug":"cumhurbaskani-esad-yeni-yil-munasebetiyle-rusya-devlet-baskani-vladimir-putine-kutlama-telgrafi-gonderdi","status":"publish","type":"post","link":"https:\/\/archive.sana.sy\/tr\/?p=247876","title":{"rendered":"Cumhurba\u015fkan\u0131 Esad, Yeni Y\u0131l M\u00fcnasebetiyle Rusya Devlet Ba\u015fkan\u0131 Vladimir Putin&#8217;e Kutlama Telgraf\u0131 G\u00f6nderdi"},"content":{"rendered":"<p>\u015eAM \u2013 Cumhurba\u015fkan\u0131 Be\u015f\u015far El Esad, Yeni Y\u0131l vesilesiyle Rusya Federasyonu Devlet Ba\u015fkan\u0131 Vladimir Putin&#8217;e bir tebrik mesaj\u0131 g\u00f6nderdi.<\/p>\n<p>Cumhurba\u015fkan\u0131 Esad mesaj\u0131nda, \u201cyeni y\u0131l\u0131n geli\u015fi vesilesiyle, bu y\u0131l\u0131n size iyi \u015fanslar ve ba\u015far\u0131lar getirmesi ve halk\u0131n\u0131za ve dost \u00fclkenize s\u00fcrekli ilerleme, refah ve y\u00fckselme getirmesi dileklerimle sizi en i\u00e7ten tebriklerimi sunuyorum\u201d dedi.<\/p>\n<p>Cumhurba\u015fkan\u0131 Esad, &#8220;Suriye Arap Cumhuriyeti ile Rusya Federasyonu aras\u0131ndaki se\u00e7kin ili\u015fkiler ve etkileyici ba\u015far\u0131lara imza atan ve iki dost halk\u0131n hayatlar\u0131nda olumlu etkiler b\u0131rakan ikili i\u015fbirli\u011fi i\u00e7in bu y\u0131l\u0131n daha fazla parlakl\u0131\u011fa tan\u0131k olaca\u011f\u0131n\u0131 da umuyoruz&#8221; dedi.<\/p>\n<p>Rusya Devlet Ba\u015fkan\u0131 Vladimir Putin, bug\u00fcn Rusya cumhurba\u015fkanl\u0131\u011f\u0131n\u0131n internet sitesinde yay\u0131nlanan Cumhurba\u015fkan\u0131 Esad&#8217;a g\u00f6nderdi\u011fi telgrafta, yeni y\u0131l\u0131n t\u00fcm Suriye topraklar\u0131nda g\u00fcvenlik ve istikrar\u0131n peki\u015ftirilmesiyle getirmesini umdu\u011funu dile getirdi.<\/p>\n<p>Ba\u015fkan Putin telgraf\u0131nda, Rusya&#8217;n\u0131n dost Suriye&#8217;ye uluslararas\u0131 ter\u00f6rizme kar\u015f\u0131 m\u00fccadelede, oradaki krize kapsaml\u0131 bir siyasi \u00e7\u00f6z\u00fcm bulma alan\u0131nda ve yeniden in\u015fa s\u00fcrecinde kapsaml\u0131 destek sa\u011flamaya devam edece\u011fini teyit etti.<\/p>\n","protected":false},"excerpt":{"rendered":"<p>\u015eAM \u2013 Cumhurba\u015fkan\u0131 Be\u015f\u015far El Esad, Yeni Y\u0131l vesilesiyle Rusya Federasyonu Devlet Ba\u015fkan\u0131 Vladimir Putin&#8217;e bir tebrik mesaj\u0131 g\u00f6nderdi. Cumhurba\u015fkan\u0131 Esad mesaj\u0131nda, \u201cyeni y\u0131l\u0131n geli\u015fi vesilesiyle, bu y\u0131l\u0131n size iyi \u015fanslar ve ba\u015far\u0131lar getirmesi ve halk\u0131n\u0131za ve dost \u00fclkenize s\u00fcrekli ilerleme, refah ve y\u00fckselme getirmesi dileklerimle sizi en i\u00e7ten tebriklerimi sunuyorum\u201d dedi. Cumhurba\u015fkan\u0131 Esad, &#8220;Suriye &hellip;<\/p>\n","protected":false},"author":36,"featured_media":247877,"comment_status":"closed","ping_status":"closed","sticky":false,"template":"","format":"standard","meta":{"footnotes":""},"categories":[479,605,17988,613,478],"tags":[],"class_list":["post-247876","post","type-post","status-publish","format-standard","has-post-thumbnail","","category-haberler-yerel","category-sayin-cumhurbaskani","category-son-haberler","category-telgraflar","category-yerel"],"_links":{"self":[{"href":"https:\/\/archive.sana.sy\/tr\/index.php?rest_route=\/wp\/v2\/posts\/247876","targetHints":{"allow":["GET"]}}],"collection":[{"href":"https:\/\/archive.sana.sy\/tr\/index.php?rest_route=\/wp\/v2\/posts"}],"about":[{"href":"https:\/\/archive.sana.sy\/tr\/index.php?rest_route=\/wp\/v2\/types\/post"}],"author":[{"embeddable":true,"href":"https:\/\/archive.sana.sy\/tr\/index.php?rest_route=\/wp\/v2\/users\/36"}],"replies":[{"embeddable":true,"href":"https:\/\/archive.sana.sy\/tr\/index.php?rest_route=%2Fwp%2Fv2%2Fcomments&post=247876"}],"version-history":[{"count":0,"href":"https:\/\/archive.sana.sy\/tr\/index.php?rest_route=\/wp\/v2\/posts\/247876\/revisions"}],"wp:featuredmedia":[{"embeddable":true,"href":"https:\/\/archive.sana.sy\/tr\/index.php?rest_route=\/wp\/v2\/media\/247877"}],"wp:attachment":[{"href":"https:\/\/archive.sana.sy\/tr\/index.php?rest_route=%2Fwp%2Fv2%2Fmedia&parent=247876"}],"wp:term":[{"taxonomy":"category","embeddable":true,"href":"https:\/\/archive.sana.sy\/tr\/index.php?rest_route=%2Fwp%2Fv2%2Fcategories&post=247876"},{"taxonomy":"post_tag","embeddable":true,"href":"https:\/\/archive.sana.sy\/tr\/index.php?rest_route=%2Fwp%2Fv2%2Ftags&post=247876"}],"curies":[{"name":"wp","href":"https:\/\/api.w.org\/{rel}","templated":true}]}}