{"id":247880,"date":"2021-12-30T20:46:38","date_gmt":"2021-12-30T18:46:38","guid":{"rendered":"http:\/\/107.6.182.27\/tr\/?p=247880"},"modified":"2022-01-02T09:09:18","modified_gmt":"2022-01-02T07:09:18","slug":"isgalci-turkiye-ile-kiraliklarinin-abu-raseyne-yonelik-bombardimani-sonucu-bir-sivil-yaralandi-ulu-caminin-bir-bolumu-coktu","status":"publish","type":"post","link":"https:\/\/archive.sana.sy\/tr\/?p=247880","title":{"rendered":"\u0130\u015fgalci T\u00fcrkiye \u0130le Kiral\u0131klar\u0131n\u0131n Abu Raseyn&#8217;e Y\u00f6nelik Bombard\u0131man\u0131 Sonucu Bir Sivil Yaraland\u0131 Ulu Cami&#8217;nin Bir B\u00f6l\u00fcm\u00fc \u00c7\u00f6kt\u00fc"},"content":{"rendered":"<p style=\"text-align: justify;\">HASEKE \u2013 Abu Resyen beldesinde i\u015fgalci T\u00fcrkiye kuvvetleri ve kiral\u0131klar\u0131n\u0131n top\u00e7u sald\u0131r\u0131s\u0131 sonucu bir sivil yaraland\u0131, Ulu Cami&#8217;nin bir b\u00f6l\u00fcm\u00fc \u00e7\u00f6kt\u00fc ve b\u00fcy\u00fck maddi hasarlara yol a\u00e7t\u0131.<\/p>\n<p><a href=\"http:\/\/107.6.182.27\/tr\/wp-content\/uploads\/2021\/12\/2-26.jpg\"><img loading=\"lazy\" decoding=\"async\" class=\"size-medium wp-image-247883 alignright\" src=\"http:\/\/107.6.182.27\/tr\/wp-content\/uploads\/2021\/12\/2-26-300x203.jpg\" alt=\"\" width=\"300\" height=\"203\" srcset=\"https:\/\/archive.sana.sy\/tr\/wp-content\/uploads\/2021\/12\/2-26-300x203.jpg 300w, https:\/\/archive.sana.sy\/tr\/wp-content\/uploads\/2021\/12\/2-26-150x102.jpg 150w, https:\/\/archive.sana.sy\/tr\/wp-content\/uploads\/2021\/12\/2-26-110x75.jpg 110w, https:\/\/archive.sana.sy\/tr\/wp-content\/uploads\/2021\/12\/2-26.jpg 660w\" sizes=\"auto, (max-width: 300px) 100vw, 300px\" \/><\/a><\/p>\n<p style=\"text-align: justify;\">Haseke&#8217;deki SANA muhabirine konu\u015fan yerel kaynaklar, T\u00fcrk i\u015fgal kuvvetleri ve ba\u011flant\u0131l\u0131 ter\u00f6r \u00f6rg\u00fctlerinin Haseke&#8217;nin kuzey k\u0131rsal\u0131ndaki Ebu Raseyn kasabas\u0131na top ve havan toplar\u0131yla d\u00fczenledi\u011fi ve bir sivilin yaralanmas\u0131na neden olan bombalama eylemini yenilediklerini, beldedeki Ulu Camii&#8217;nin bir k\u0131sm\u0131n\u0131n \u00e7\u00f6kmesi ve baz\u0131 evlerde, kamu ve \u00f6zel m\u00fclklerde b\u00fcy\u00fck maddi hasarlara neden oldu\u011funu da ifade etti.<\/p>\n<p style=\"text-align: justify;\">Muhabir, i\u015fgal kuvvetleri ve ter\u00f6ristlerin kuzeybat\u0131 k\u0131rsal\u0131ndaki Tel Temr il\u00e7esine ba\u011fl\u0131 Tel \u015einan, Al Dirdara, Umm Al Keyf ve Tel Cuma k\u00f6ylerini yo\u011fun bir \u015fekilde hedef ald\u0131\u011f\u0131n\u0131 ve evlerde, kamu mallar\u0131 ve yollar\u0131n baz\u0131 b\u00f6l\u00fcmlerinde hasara yol a\u00e7t\u0131\u011f\u0131n\u0131 belirterek, bombard\u0131manlar\u0131n yo\u011fun olmas\u0131 sebebiyle de sivilleri aras\u0131nda isabetlerin olup olmad\u0131\u011f\u0131ndan kesin haber al\u0131namad\u0131\u011f\u0131n\u0131 s\u00f6yledi.<\/p>\n","protected":false},"excerpt":{"rendered":"<p>HASEKE \u2013 Abu Resyen beldesinde i\u015fgalci T\u00fcrkiye kuvvetleri ve kiral\u0131klar\u0131n\u0131n top\u00e7u sald\u0131r\u0131s\u0131 sonucu bir sivil yaraland\u0131, Ulu Cami&#8217;nin bir b\u00f6l\u00fcm\u00fc \u00e7\u00f6kt\u00fc ve b\u00fcy\u00fck maddi hasarlara yol a\u00e7t\u0131. Haseke&#8217;deki SANA muhabirine konu\u015fan yerel kaynaklar, T\u00fcrk i\u015fgal kuvvetleri ve ba\u011flant\u0131l\u0131 ter\u00f6r \u00f6rg\u00fctlerinin Haseke&#8217;nin kuzey k\u0131rsal\u0131ndaki Ebu Raseyn kasabas\u0131na top ve havan toplar\u0131yla d\u00fczenledi\u011fi ve bir sivilin yaralanmas\u0131na &hellip;<\/p>\n","protected":false},"author":1,"featured_media":247881,"comment_status":"closed","ping_status":"closed","sticky":false,"template":"","format":"standard","meta":{"footnotes":""},"categories":[479,575,17988,478],"tags":[],"class_list":["post-247880","post","type-post","status-publish","format-standard","has-post-thumbnail","","category-haberler-yerel","category-olaylar-ve-gercekler","category-son-haberler","category-yerel"],"_links":{"self":[{"href":"https:\/\/archive.sana.sy\/tr\/index.php?rest_route=\/wp\/v2\/posts\/247880","targetHints":{"allow":["GET"]}}],"collection":[{"href":"https:\/\/archive.sana.sy\/tr\/index.php?rest_route=\/wp\/v2\/posts"}],"about":[{"href":"https:\/\/archive.sana.sy\/tr\/index.php?rest_route=\/wp\/v2\/types\/post"}],"author":[{"embeddable":true,"href":"https:\/\/archive.sana.sy\/tr\/index.php?rest_route=\/wp\/v2\/users\/1"}],"replies":[{"embeddable":true,"href":"https:\/\/archive.sana.sy\/tr\/index.php?rest_route=%2Fwp%2Fv2%2Fcomments&post=247880"}],"version-history":[{"count":0,"href":"https:\/\/archive.sana.sy\/tr\/index.php?rest_route=\/wp\/v2\/posts\/247880\/revisions"}],"wp:featuredmedia":[{"embeddable":true,"href":"https:\/\/archive.sana.sy\/tr\/index.php?rest_route=\/wp\/v2\/media\/247881"}],"wp:attachment":[{"href":"https:\/\/archive.sana.sy\/tr\/index.php?rest_route=%2Fwp%2Fv2%2Fmedia&parent=247880"}],"wp:term":[{"taxonomy":"category","embeddable":true,"href":"https:\/\/archive.sana.sy\/tr\/index.php?rest_route=%2Fwp%2Fv2%2Fcategories&post=247880"},{"taxonomy":"post_tag","embeddable":true,"href":"https:\/\/archive.sana.sy\/tr\/index.php?rest_route=%2Fwp%2Fv2%2Ftags&post=247880"}],"curies":[{"name":"wp","href":"https:\/\/api.w.org\/{rel}","templated":true}]}}