{"id":247889,"date":"2022-01-01T15:53:08","date_gmt":"2022-01-01T13:53:08","guid":{"rendered":"http:\/\/107.6.182.27\/tr\/?p=247889"},"modified":"2022-01-02T12:36:36","modified_gmt":"2022-01-02T10:36:36","slug":"sam-meryemiye-katedralinde-yilbasi-munasebetiyle-ilahi-ayin","status":"publish","type":"post","link":"https:\/\/archive.sana.sy\/tr\/?p=247889","title":{"rendered":"\u015eam Meryemiye Katedrali&#8217;nde Y\u0131lba\u015f\u0131 M\u00fcnasebetiyle \u0130lahi Ayin"},"content":{"rendered":"<p style=\"text-align: justify;\">\u015eAM &#8211; \u015eam&#8217;\u0131n Bab Tuma semtindeki Rum Ortodoks Meryemiye Katedrali&#8217;nde bu sabah Miladi Y\u0131lba\u015f\u0131 m\u00fcnasebetiyle, Antakya Ve T\u00fcm Do\u011fu Rum Ortodokslar Patri\u011fi, Patrik X. Yuhanna ba\u015fkanl\u0131\u011f\u0131nda d\u00fczenlenen, Katedral Piskoposlar\u0131 ve Kahinleriyle Ar\u015fimendit Malatyus \u015eatahi liderli\u011finde Patriklik Ruhani El Kenaza Korosunun yard\u0131m\u0131yla ilahi ayin d\u00fczenlendi.<\/p>\n<p style=\"text-align: justify;\">Halep ve \u0130skenderun Piskoposluk Metropoliti Patrik Temsilcisi Piskopos Efram Maluli, sevgi ve bar\u0131\u015f el\u00e7isi Hz. \u0130sa Mesih (A.S.)&#8217;\u0131n do\u011fumunun y\u00fcce anlamlar\u0131n\u0131 vurgulad\u0131\u011f\u0131 bayram vaaz\u0131n\u0131 verdi ve \u015funlar\u0131 s\u00f6yledi: \u201c Yeni y\u0131l\u0131n ba\u015flamas\u0131 ve salg\u0131n\u0131n hala varg\u00fcc\u00fcyle bulunmas\u0131 ve en sevdiklerimizi almas\u0131 g\u00f6lgesinde Allah&#8217;\u0131n merhametine ve inayetine ihtiyac\u0131m\u0131z var\u201d dedi.<\/p>\n<p style=\"text-align: justify;\">Maluli \u015f\u00f6yle devam etti: &#8220;Sava\u015f\u0131n sanc\u0131lar\u0131ndan \u00e7\u0131karken Suriye&#8217;de bar\u0131\u015f i\u00e7in ve sava\u015f\u0131n a\u011f\u0131rl\u0131\u011f\u0131ndan kalkarken Suriye i\u00e7in dua ediyoruz, ancak bu sava\u015f\u0131n yans\u0131malar\u0131 halk\u0131n\u0131 ge\u00e7im kaynaklar\u0131yla ku\u015fat\u0131yor ve ekonomileri ate\u015fi alt\u0131nda inliyor&#8221; diyerek, &#8220;Bu \u00fclke ha\u00e7\u0131n\u0131n\u00a0 k\u0131yamet avlusuna yeti\u015fmesininve g\u00fcnahkar ekonomik ablukan\u0131n a\u011f\u0131rl\u0131\u011f\u0131 alt\u0131ndan \u00e7\u0131kmas\u0131 zaman\u0131n\u0131n geldi\u011fini\u201d belirtti.<\/p>\n<p style=\"text-align: justify;\">Maluli, y\u0131lba\u015f\u0131n\u0131 kutlad\u0131\u011f\u0131m\u0131z bug\u00fcn de, uluslararas\u0131 sessizlik ve \u00e7aresizlik i\u00e7inde Nisan 2013&#8217;ten bu yana ka\u00e7\u0131r\u0131lan Halep Ba\u015fpiskoposlar\u0131 Yuhanna \u0130brahim ve Paul Yaz\u0131c\u0131\u00a0 da dahil olmak \u00fczere ka\u00e7\u0131r\u0131lanlar\u0131n kalbimizde a\u00e7t\u0131klar\u0131 yaran\u0131n hala var oldu\u011funu ve hepimiz bu dosyan\u0131n sonu\u00e7lar\u0131n\u0131n ortaya \u00e7\u0131kar\u0131lmas\u0131 ve istenen sonu\u00e7lar\u0131 almam\u0131z i\u00e7in dua ettiklerini s\u00f6yledi.<\/p>\n<p style=\"text-align: justify;\">Maluli s\u00f6zlerini \u015f\u00f6yle tamamlad\u0131: &#8220;Dualar\u0131m\u0131z, i\u015fgal alt\u0131ndaki her topraktaki sebatkar halk\u0131m\u0131z ve t\u00fcm d\u00fcnyada bar\u0131\u015f i\u00e7indir, y\u00fcce Allah&#8217;a, Suriye&#8217;yi, halk\u0131n\u0131, topraklar\u0131n\u0131 ve lideri Be\u015far Esad&#8217;\u0131 korumas\u0131 i\u00e7in dua ediyoruz&#8221; dedi.<\/p>\n<p style=\"text-align: justify;\">Ayinin ard\u0131ndan, \u00fclke i\u00e7in bereket ve yeni y\u0131l\u0131n Suriye ve halk\u0131 i\u00e7in hay\u0131r, g\u00fcvenlik ve istikrar y\u0131l\u0131 olmas\u0131 i\u00e7in dua edildi.<\/p>\n","protected":false},"excerpt":{"rendered":"<p>\u015eAM &#8211; \u015eam&#8217;\u0131n Bab Tuma semtindeki Rum Ortodoks Meryemiye Katedrali&#8217;nde bu sabah Miladi Y\u0131lba\u015f\u0131 m\u00fcnasebetiyle, Antakya Ve T\u00fcm Do\u011fu Rum Ortodokslar Patri\u011fi, Patrik X. Yuhanna ba\u015fkanl\u0131\u011f\u0131nda d\u00fczenlenen, Katedral Piskoposlar\u0131 ve Kahinleriyle Ar\u015fimendit Malatyus \u015eatahi liderli\u011finde Patriklik Ruhani El Kenaza Korosunun yard\u0131m\u0131yla ilahi ayin d\u00fczenlendi. Halep ve \u0130skenderun Piskoposluk Metropoliti Patrik Temsilcisi Piskopos Efram Maluli, sevgi &hellip;<\/p>\n","protected":false},"author":1,"featured_media":247890,"comment_status":"closed","ping_status":"closed","sticky":false,"template":"","format":"standard","meta":{"footnotes":""},"categories":[479,17988,478],"tags":[],"class_list":["post-247889","post","type-post","status-publish","format-standard","has-post-thumbnail","","category-haberler-yerel","category-son-haberler","category-yerel"],"_links":{"self":[{"href":"https:\/\/archive.sana.sy\/tr\/index.php?rest_route=\/wp\/v2\/posts\/247889","targetHints":{"allow":["GET"]}}],"collection":[{"href":"https:\/\/archive.sana.sy\/tr\/index.php?rest_route=\/wp\/v2\/posts"}],"about":[{"href":"https:\/\/archive.sana.sy\/tr\/index.php?rest_route=\/wp\/v2\/types\/post"}],"author":[{"embeddable":true,"href":"https:\/\/archive.sana.sy\/tr\/index.php?rest_route=\/wp\/v2\/users\/1"}],"replies":[{"embeddable":true,"href":"https:\/\/archive.sana.sy\/tr\/index.php?rest_route=%2Fwp%2Fv2%2Fcomments&post=247889"}],"version-history":[{"count":0,"href":"https:\/\/archive.sana.sy\/tr\/index.php?rest_route=\/wp\/v2\/posts\/247889\/revisions"}],"wp:featuredmedia":[{"embeddable":true,"href":"https:\/\/archive.sana.sy\/tr\/index.php?rest_route=\/wp\/v2\/media\/247890"}],"wp:attachment":[{"href":"https:\/\/archive.sana.sy\/tr\/index.php?rest_route=%2Fwp%2Fv2%2Fmedia&parent=247889"}],"wp:term":[{"taxonomy":"category","embeddable":true,"href":"https:\/\/archive.sana.sy\/tr\/index.php?rest_route=%2Fwp%2Fv2%2Fcategories&post=247889"},{"taxonomy":"post_tag","embeddable":true,"href":"https:\/\/archive.sana.sy\/tr\/index.php?rest_route=%2Fwp%2Fv2%2Ftags&post=247889"}],"curies":[{"name":"wp","href":"https:\/\/api.w.org\/{rel}","templated":true}]}}