{"id":247892,"date":"2022-01-01T15:59:04","date_gmt":"2022-01-01T13:59:04","guid":{"rendered":"http:\/\/107.6.182.27\/tr\/?p=247892"},"modified":"2022-01-02T09:10:14","modified_gmt":"2022-01-02T07:10:14","slug":"isgalci-turkiyenin-kiraliklari-afrinde-cok-sayida-sivili-kacirdi","status":"publish","type":"post","link":"https:\/\/archive.sana.sy\/tr\/?p=247892","title":{"rendered":"\u0130\u015fgalci T\u00fcrkiye&#8217;nin Kiral\u0131klar\u0131 Afrin&#8217;de \u00c7ok Say\u0131da Sivili Ka\u00e7\u0131rd\u0131"},"content":{"rendered":"<p style=\"text-align: justify;\">HALEP \u2013 \u0130\u015fgalci T\u00fcrkiye&#8217;nin ter\u00f6r \u00f6rg\u00fctlerinden kiarl\u0131klar\u0131, Halep&#8217;in kuzey k\u0131rsal\u0131ndaki Afrin b\u00f6lgesinde halka y\u00f6nelik su\u00e7 eylemlerini s\u00fcrd\u00fcr\u00fcrken, sivillere y\u00f6nelik bask\u0131n ve insan ka\u00e7\u0131rma kampanyalar\u0131 ba\u015flatm\u0131\u015f, daha sonra serbest b\u0131rak\u0131lmalar\u0131 mukabilinde ailelerinden para \u00f6demeleri i\u00e7in \u015fantaj yapt\u0131lar.<\/p>\n<p style=\"text-align: justify;\">Yerel kaynaklar SANA&#8217;ya verdi\u011fi deme\u00e7te, T\u00fcrk i\u015fgal g\u00fc\u00e7lerine ba\u011fl\u0131 s\u00f6zde &#8220;\u015eam Kolordusu&#8221;na ba\u011fl\u0131 ter\u00f6rist gruplar\u0131n ge\u00e7ti\u011fimiz saatlerde Afrin b\u00f6lgesine ba\u011fl\u0131 Fafertin k\u00f6y\u00fcndeki evlere bask\u0131n d\u00fczenleyerek d\u00f6rt sivili ka\u00e7\u0131rd\u0131klar\u0131n\u0131 ve karargahlar\u0131ndan birine g\u00f6t\u00fcrd\u00fc\u011f\u00fcn\u00fc s\u00f6yledi.<\/p>\n<p style=\"text-align: justify;\">Kaynaklar, ter\u00f6ristlerin sivilleri ka\u00e7\u0131rmadan ve serbest b\u0131rak\u0131lmalar\u0131 kar\u015f\u0131l\u0131\u011f\u0131nda fahi\u015f miktarlarda mali fidye talep ederek ailelerine \u015fantaj yapmadan \u00f6nce, bask\u0131nlara ba\u015fta \u00e7ocuklar ve kad\u0131nlar olmak \u00fczere halk\u0131 korkutmak i\u00e7in ate\u015f a\u00e7\u0131lmas\u0131n\u0131n e\u015flik etti\u011fine dikkat \u00e7ekti.<\/p>\n","protected":false},"excerpt":{"rendered":"<p>HALEP \u2013 \u0130\u015fgalci T\u00fcrkiye&#8217;nin ter\u00f6r \u00f6rg\u00fctlerinden kiarl\u0131klar\u0131, Halep&#8217;in kuzey k\u0131rsal\u0131ndaki Afrin b\u00f6lgesinde halka y\u00f6nelik su\u00e7 eylemlerini s\u00fcrd\u00fcr\u00fcrken, sivillere y\u00f6nelik bask\u0131n ve insan ka\u00e7\u0131rma kampanyalar\u0131 ba\u015flatm\u0131\u015f, daha sonra serbest b\u0131rak\u0131lmalar\u0131 mukabilinde ailelerinden para \u00f6demeleri i\u00e7in \u015fantaj yapt\u0131lar. Yerel kaynaklar SANA&#8217;ya verdi\u011fi deme\u00e7te, T\u00fcrk i\u015fgal g\u00fc\u00e7lerine ba\u011fl\u0131 s\u00f6zde &#8220;\u015eam Kolordusu&#8221;na ba\u011fl\u0131 ter\u00f6rist gruplar\u0131n ge\u00e7ti\u011fimiz saatlerde Afrin b\u00f6lgesine &hellip;<\/p>\n","protected":false},"author":1,"featured_media":247893,"comment_status":"closed","ping_status":"closed","sticky":false,"template":"","format":"standard","meta":{"footnotes":""},"categories":[479,575,17988,2555,478],"tags":[],"class_list":["post-247892","post","type-post","status-publish","format-standard","has-post-thumbnail","","category-haberler-yerel","category-olaylar-ve-gercekler","category-son-haberler","category-suriye-ve-turkiye","category-yerel"],"_links":{"self":[{"href":"https:\/\/archive.sana.sy\/tr\/index.php?rest_route=\/wp\/v2\/posts\/247892","targetHints":{"allow":["GET"]}}],"collection":[{"href":"https:\/\/archive.sana.sy\/tr\/index.php?rest_route=\/wp\/v2\/posts"}],"about":[{"href":"https:\/\/archive.sana.sy\/tr\/index.php?rest_route=\/wp\/v2\/types\/post"}],"author":[{"embeddable":true,"href":"https:\/\/archive.sana.sy\/tr\/index.php?rest_route=\/wp\/v2\/users\/1"}],"replies":[{"embeddable":true,"href":"https:\/\/archive.sana.sy\/tr\/index.php?rest_route=%2Fwp%2Fv2%2Fcomments&post=247892"}],"version-history":[{"count":0,"href":"https:\/\/archive.sana.sy\/tr\/index.php?rest_route=\/wp\/v2\/posts\/247892\/revisions"}],"wp:featuredmedia":[{"embeddable":true,"href":"https:\/\/archive.sana.sy\/tr\/index.php?rest_route=\/wp\/v2\/media\/247893"}],"wp:attachment":[{"href":"https:\/\/archive.sana.sy\/tr\/index.php?rest_route=%2Fwp%2Fv2%2Fmedia&parent=247892"}],"wp:term":[{"taxonomy":"category","embeddable":true,"href":"https:\/\/archive.sana.sy\/tr\/index.php?rest_route=%2Fwp%2Fv2%2Fcategories&post=247892"},{"taxonomy":"post_tag","embeddable":true,"href":"https:\/\/archive.sana.sy\/tr\/index.php?rest_route=%2Fwp%2Fv2%2Ftags&post=247892"}],"curies":[{"name":"wp","href":"https:\/\/api.w.org\/{rel}","templated":true}]}}