{"id":247895,"date":"2022-01-01T16:07:05","date_gmt":"2022-01-01T14:07:05","guid":{"rendered":"http:\/\/107.6.182.27\/tr\/?p=247895"},"modified":"2022-01-02T09:10:22","modified_gmt":"2022-01-02T07:10:22","slug":"abd-isgal-helikopterlerinin-destegiyle-dsg-deyrezzor-kirsalinda-cok-sayida-sivili-kacirdi","status":"publish","type":"post","link":"https:\/\/archive.sana.sy\/tr\/?p=247895","title":{"rendered":"ABD \u0130\u015fgal Helikopterlerinin Deste\u011fiyle&#8230; DSG Deyrezzor K\u0131rsal\u0131nda \u00c7ok Say\u0131da Sivili Ka\u00e7\u0131rd\u0131"},"content":{"rendered":"<p style=\"text-align: justify;\">DEYREZZOR &#8211; DSG milisleri, Suriye&#8217;nin el Cezire b\u00f6lgesindeki konu\u015flanma b\u00f6lgelerinde sivillere y\u00f6nelik su\u00e7lar\u0131n\u0131 s\u00fcrd\u00fcr\u00fcrken, Deyrizor&#8217;un kuzey k\u0131rsal\u0131nda ABD i\u015fgal helikopterlerinin deste\u011fiyle \u00e7ok say\u0131da sivili ka\u00e7\u0131rd\u0131.<\/p>\n<p style=\"text-align: justify;\">Yerel kaynaklar SANA&#8217;ya verdi\u011fi deme\u00e7te, &#8220;DSG&#8221; milislerine ba\u011fl\u0131 silahl\u0131 gruplar\u0131n bug\u00fcn \u015fafak vakti Amerikan i\u015fgal kuvvetlerine ait helikopterlerin deste\u011fiyle Deyrezzor&#8217;un kuzey k\u0131rsal\u0131ndaki El \u0130zba k\u00f6y\u00fcndeki vatanda\u015flar\u0131n evlerine bak\u0131n d\u00fczenledi\u011fini ve bu evlerde ya\u015fayan ailelerden baz\u0131lar\u0131n\u0131 ka\u00e7\u0131rd\u0131\u011f\u0131n\u0131 ve bilinmeyen bir yere g\u00f6t\u00fcrd\u00fc\u011f\u00fcn\u00fc s\u00f6yledi..<\/p>\n<p style=\"text-align: justify;\">Kaynaklar, silahl\u0131 milislerin baz\u0131 evlerin kap\u0131lar\u0131n\u0131 k\u0131rd\u0131\u011f\u0131n\u0131, i\u00e7indeki e\u015fyalar\u0131 kurcalad\u0131\u011f\u0131n\u0131 ve ev sahiplerinin baz\u0131 e\u015fyalar\u0131na el koydu\u011funu belirtti.<\/p>\n","protected":false},"excerpt":{"rendered":"<p>DEYREZZOR &#8211; DSG milisleri, Suriye&#8217;nin el Cezire b\u00f6lgesindeki konu\u015flanma b\u00f6lgelerinde sivillere y\u00f6nelik su\u00e7lar\u0131n\u0131 s\u00fcrd\u00fcr\u00fcrken, Deyrizor&#8217;un kuzey k\u0131rsal\u0131nda ABD i\u015fgal helikopterlerinin deste\u011fiyle \u00e7ok say\u0131da sivili ka\u00e7\u0131rd\u0131. Yerel kaynaklar SANA&#8217;ya verdi\u011fi deme\u00e7te, &#8220;DSG&#8221; milislerine ba\u011fl\u0131 silahl\u0131 gruplar\u0131n bug\u00fcn \u015fafak vakti Amerikan i\u015fgal kuvvetlerine ait helikopterlerin deste\u011fiyle Deyrezzor&#8217;un kuzey k\u0131rsal\u0131ndaki El \u0130zba k\u00f6y\u00fcndeki vatanda\u015flar\u0131n evlerine bak\u0131n d\u00fczenledi\u011fini ve &hellip;<\/p>\n","protected":false},"author":1,"featured_media":247896,"comment_status":"closed","ping_status":"closed","sticky":false,"template":"","format":"standard","meta":{"footnotes":""},"categories":[479,575,17988,478],"tags":[],"class_list":["post-247895","post","type-post","status-publish","format-standard","has-post-thumbnail","","category-haberler-yerel","category-olaylar-ve-gercekler","category-son-haberler","category-yerel"],"_links":{"self":[{"href":"https:\/\/archive.sana.sy\/tr\/index.php?rest_route=\/wp\/v2\/posts\/247895","targetHints":{"allow":["GET"]}}],"collection":[{"href":"https:\/\/archive.sana.sy\/tr\/index.php?rest_route=\/wp\/v2\/posts"}],"about":[{"href":"https:\/\/archive.sana.sy\/tr\/index.php?rest_route=\/wp\/v2\/types\/post"}],"author":[{"embeddable":true,"href":"https:\/\/archive.sana.sy\/tr\/index.php?rest_route=\/wp\/v2\/users\/1"}],"replies":[{"embeddable":true,"href":"https:\/\/archive.sana.sy\/tr\/index.php?rest_route=%2Fwp%2Fv2%2Fcomments&post=247895"}],"version-history":[{"count":0,"href":"https:\/\/archive.sana.sy\/tr\/index.php?rest_route=\/wp\/v2\/posts\/247895\/revisions"}],"wp:featuredmedia":[{"embeddable":true,"href":"https:\/\/archive.sana.sy\/tr\/index.php?rest_route=\/wp\/v2\/media\/247896"}],"wp:attachment":[{"href":"https:\/\/archive.sana.sy\/tr\/index.php?rest_route=%2Fwp%2Fv2%2Fmedia&parent=247895"}],"wp:term":[{"taxonomy":"category","embeddable":true,"href":"https:\/\/archive.sana.sy\/tr\/index.php?rest_route=%2Fwp%2Fv2%2Fcategories&post=247895"},{"taxonomy":"post_tag","embeddable":true,"href":"https:\/\/archive.sana.sy\/tr\/index.php?rest_route=%2Fwp%2Fv2%2Ftags&post=247895"}],"curies":[{"name":"wp","href":"https:\/\/api.w.org\/{rel}","templated":true}]}}