{"id":247901,"date":"2022-01-01T16:17:10","date_gmt":"2022-01-01T14:17:10","guid":{"rendered":"http:\/\/107.6.182.27\/tr\/?p=247901"},"modified":"2022-01-02T09:10:47","modified_gmt":"2022-01-02T07:10:47","slug":"isgalci-turkiyenin-saldirilari-sonucu-ebu-raseyn-ve-koylerinde-yerinden-edilen-ailelere-yardimlar-dagitildi","status":"publish","type":"post","link":"https:\/\/archive.sana.sy\/tr\/?p=247901","title":{"rendered":"\u0130\u015fgalci T\u00fcrkiye&#8217;nin Sald\u0131r\u0131lar\u0131 Sonucu Ebu Raseyn Ve K\u00f6ylerinde Yerinden Edilen Ailelere Yard\u0131mlar Da\u011f\u0131t\u0131ld\u0131"},"content":{"rendered":"<p style=\"text-align: justify;\">HASEKE &#8211; Suriye Arap K\u0131z\u0131lay\u0131 \u00d6rg\u00fct\u00fc&#8217;n\u00fcn Haseke&#8217;deki \u015fubesi, T\u00fcrk i\u015fgal kuvvetleri ve ter\u00f6r \u00f6rg\u00fctlerine ba\u011fl\u0131 kiral\u0131klar\u0131n\u0131n ac\u0131mas\u0131z sald\u0131rganl\u0131\u011f\u0131 sonucu Ebu Raseyn Nahiyesi ve \u00e7evre k\u00f6ylerden yerlerinden edilen ailelere g\u0131da ve yard\u0131m malzemesi da\u011f\u0131tt\u0131.<\/p>\n<p style=\"text-align: justify;\">SAK\u00d6 \u0130l \u015eube Ba\u015fkan\u0131 Ali Mansur SANA muhabirine yapt\u0131\u011f\u0131 a\u00e7\u0131klamada, \u015fubenin ilin kuzeybat\u0131s\u0131ndaki Ebu Raseyn k\u00f6ylerinden evlerini terk etmek zorunda kalan ailelere destek \u00e7er\u00e7evesinde geldi\u011fini, b\u00f6lgedeki mevcut ko\u015fullar nedeniyle, yerlerinden edilmi\u015f ki\u015filere \u00f6zellikle ya\u015fad\u0131klar\u0131 zor ko\u015fullar \u0131\u015f\u0131\u011f\u0131nda ac\u0131lar\u0131n\u0131 hafifletmek i\u00e7in yard\u0131m yard\u0131m yap\u0131ld\u0131\u011f\u0131n\u0131 s\u00f6yledi.<\/p>\n<p style=\"text-align: justify;\">Mansur s\u00f6zlerine \u015f\u00f6yle devam etti: Ailelere yap\u0131lan yard\u0131mlar aras\u0131nda, Uluslararas\u0131 K\u0131z\u0131lha\u00e7 Komitesi ile i\u015fbirli\u011fi i\u00e7inde yap\u0131lan di\u011fer yard\u0131mlara ek olarak g\u0131da sepetleri de yer ald\u0131\u011f\u0131n\u0131 ifade etti.<\/p>\n","protected":false},"excerpt":{"rendered":"<p>HASEKE &#8211; Suriye Arap K\u0131z\u0131lay\u0131 \u00d6rg\u00fct\u00fc&#8217;n\u00fcn Haseke&#8217;deki \u015fubesi, T\u00fcrk i\u015fgal kuvvetleri ve ter\u00f6r \u00f6rg\u00fctlerine ba\u011fl\u0131 kiral\u0131klar\u0131n\u0131n ac\u0131mas\u0131z sald\u0131rganl\u0131\u011f\u0131 sonucu Ebu Raseyn Nahiyesi ve \u00e7evre k\u00f6ylerden yerlerinden edilen ailelere g\u0131da ve yard\u0131m malzemesi da\u011f\u0131tt\u0131. SAK\u00d6 \u0130l \u015eube Ba\u015fkan\u0131 Ali Mansur SANA muhabirine yapt\u0131\u011f\u0131 a\u00e7\u0131klamada, \u015fubenin ilin kuzeybat\u0131s\u0131ndaki Ebu Raseyn k\u00f6ylerinden evlerini terk etmek zorunda kalan ailelere &hellip;<\/p>\n","protected":false},"author":1,"featured_media":247902,"comment_status":"closed","ping_status":"closed","sticky":false,"template":"","format":"standard","meta":{"footnotes":""},"categories":[479,17988,2555,478],"tags":[],"class_list":["post-247901","post","type-post","status-publish","format-standard","has-post-thumbnail","","category-haberler-yerel","category-son-haberler","category-suriye-ve-turkiye","category-yerel"],"_links":{"self":[{"href":"https:\/\/archive.sana.sy\/tr\/index.php?rest_route=\/wp\/v2\/posts\/247901","targetHints":{"allow":["GET"]}}],"collection":[{"href":"https:\/\/archive.sana.sy\/tr\/index.php?rest_route=\/wp\/v2\/posts"}],"about":[{"href":"https:\/\/archive.sana.sy\/tr\/index.php?rest_route=\/wp\/v2\/types\/post"}],"author":[{"embeddable":true,"href":"https:\/\/archive.sana.sy\/tr\/index.php?rest_route=\/wp\/v2\/users\/1"}],"replies":[{"embeddable":true,"href":"https:\/\/archive.sana.sy\/tr\/index.php?rest_route=%2Fwp%2Fv2%2Fcomments&post=247901"}],"version-history":[{"count":0,"href":"https:\/\/archive.sana.sy\/tr\/index.php?rest_route=\/wp\/v2\/posts\/247901\/revisions"}],"wp:featuredmedia":[{"embeddable":true,"href":"https:\/\/archive.sana.sy\/tr\/index.php?rest_route=\/wp\/v2\/media\/247902"}],"wp:attachment":[{"href":"https:\/\/archive.sana.sy\/tr\/index.php?rest_route=%2Fwp%2Fv2%2Fmedia&parent=247901"}],"wp:term":[{"taxonomy":"category","embeddable":true,"href":"https:\/\/archive.sana.sy\/tr\/index.php?rest_route=%2Fwp%2Fv2%2Fcategories&post=247901"},{"taxonomy":"post_tag","embeddable":true,"href":"https:\/\/archive.sana.sy\/tr\/index.php?rest_route=%2Fwp%2Fv2%2Ftags&post=247901"}],"curies":[{"name":"wp","href":"https:\/\/api.w.org\/{rel}","templated":true}]}}