{"id":247947,"date":"2022-01-02T23:55:10","date_gmt":"2022-01-02T21:55:10","guid":{"rendered":"http:\/\/107.6.182.27\/tr\/?p=247947"},"modified":"2022-01-06T08:30:39","modified_gmt":"2022-01-06T06:30:39","slug":"enformasyon-bakanligi-hilarion-kabbucinin-olumunun-besinci-yildonumunde-piskoposun-filmini-sunuyor-video","status":"publish","type":"post","link":"https:\/\/archive.sana.sy\/tr\/?p=247947","title":{"rendered":"Enformasyon Bakanl\u0131\u011f\u0131, Hilarion Kabbuci&#8217;nin \u00d6l\u00fcm\u00fcn\u00fcn Be\u015finci Y\u0131ld\u00f6n\u00fcm\u00fcnde Piskoposun Filmini Sunuyor &#8211; Video"},"content":{"rendered":"<p style=\"text-align: justify;\">\u015eAM &#8211; Ba\u015fpiskopos ve direni\u015f\u00e7i Hilarion Kabbuci&#8217;nin \u00f6l\u00fcm\u00fcn\u00fcn be\u015finci y\u0131ld\u00f6n\u00fcm\u00fc vesilesiyle, Enformasyon Bakanl\u0131\u011f\u0131, piskoposun biyografisini, \u00f6zellikle Siyonist i\u015fgale kar\u015f\u0131 direni\u015fini ve onun h\u00fccreler arkas\u0131nda ge\u00e7irdi\u011fi y\u0131llar\u0131 belgeleyen filminin \u00f6zel g\u00f6sterimini ba\u015flatt\u0131.<\/p>\n<p style=\"text-align: justify;\"><a href=\"http:\/\/107.6.182.27\/tr\/wp-content\/uploads\/2022\/01\/DSC_4138-scaled.jpg\"><img loading=\"lazy\" decoding=\"async\" class=\"size-medium wp-image-247949 alignright\" src=\"http:\/\/107.6.182.27\/tr\/wp-content\/uploads\/2022\/01\/DSC_4138-300x200.jpg\" alt=\"\" width=\"300\" height=\"200\" srcset=\"https:\/\/archive.sana.sy\/tr\/wp-content\/uploads\/2022\/01\/DSC_4138-300x200.jpg 300w, https:\/\/archive.sana.sy\/tr\/wp-content\/uploads\/2022\/01\/DSC_4138-1024x682.jpg 1024w, https:\/\/archive.sana.sy\/tr\/wp-content\/uploads\/2022\/01\/DSC_4138-150x100.jpg 150w, https:\/\/archive.sana.sy\/tr\/wp-content\/uploads\/2022\/01\/DSC_4138-768x511.jpg 768w, https:\/\/archive.sana.sy\/tr\/wp-content\/uploads\/2022\/01\/DSC_4138-1536x1022.jpg 1536w, https:\/\/archive.sana.sy\/tr\/wp-content\/uploads\/2022\/01\/DSC_4138-2048x1363.jpg 2048w\" sizes=\"auto, (max-width: 300px) 100vw, 300px\" \/><\/a><\/p>\n<p style=\"text-align: justify;\">\u0130lk kez bu ak\u015fam El Esad K\u00fclt\u00fcr ve Sanat Evi \u00a0Drama Tiyatrosu&#8217;nda Suriyeli seyircilerin \u00f6n\u00fcnde g\u00f6sterilen Kabbuci filminin yap\u0131mc\u0131l\u0131\u011f\u0131n\u0131 Radyo ve Televizyon Genel Kurumu, Senaryosunu Hasan M. Yusuf yazd\u0131, Basil El Hatib y\u00f6netti, y\u0131ld\u0131z oyuncu Re\u015fid Assaf da Kabbuci rol\u00fcn\u00fc oynad\u0131.<\/p>\n<p style=\"text-align: justify;\">Piskoposu olu\u015ftururken izledi\u011fi yakla\u015f\u0131mla ilgili olarak yazar, merhum Kabbuci&#8217;nin maruz kald\u0131\u011f\u0131 her olay\u0131 ve durumu bir\u00e7ok referans kullanarak, sonunu yak\u0131ndan tan\u0131yan ki\u015filerle yapt\u0131\u011f\u0131 d\u00fczinelerce r\u00f6portaj arac\u0131l\u0131\u011f\u0131yla belgelemeye \u00e7al\u0131\u015ft\u0131\u011f\u0131n\u0131 a\u00e7\u0131klayarak, \u00e7o\u011fu tiyatro ve sinema yazar\u0131n\u0131n Filistin davas\u0131 \u00fczerine eserler yazmak istedi\u011fini \u00e7\u00fcnk\u00fc bunun insani ve kutsal bir mesele oldu\u011funu, ancak belirli \u00e7\u0131karlarla ba\u011flant\u0131l\u0131 buldu\u011fumuz sermayenin, bu t\u00fcr metinleri benimsemekten uzak bulduklar\u0131n\u0131 s\u00f6yledi.<\/p>\n<p style=\"text-align: justify;\"><a href=\"http:\/\/107.6.182.27\/tr\/wp-content\/uploads\/2022\/01\/DSC_4131-scaled.jpg\"><img loading=\"lazy\" decoding=\"async\" class=\"size-medium wp-image-247950 alignright\" src=\"http:\/\/107.6.182.27\/tr\/wp-content\/uploads\/2022\/01\/DSC_4131-300x200.jpg\" alt=\"\" width=\"300\" height=\"200\" srcset=\"https:\/\/archive.sana.sy\/tr\/wp-content\/uploads\/2022\/01\/DSC_4131-300x200.jpg 300w, https:\/\/archive.sana.sy\/tr\/wp-content\/uploads\/2022\/01\/DSC_4131-1024x682.jpg 1024w, https:\/\/archive.sana.sy\/tr\/wp-content\/uploads\/2022\/01\/DSC_4131-150x100.jpg 150w, https:\/\/archive.sana.sy\/tr\/wp-content\/uploads\/2022\/01\/DSC_4131-768x511.jpg 768w, https:\/\/archive.sana.sy\/tr\/wp-content\/uploads\/2022\/01\/DSC_4131-1536x1022.jpg 1536w, https:\/\/archive.sana.sy\/tr\/wp-content\/uploads\/2022\/01\/DSC_4131-2048x1363.jpg 2048w\" sizes=\"auto, (max-width: 300px) 100vw, 300px\" \/><\/a><\/p>\n<p style=\"text-align: justify;\">Y\u00f6netmen el Hatib ise, film ile Kud\u00fcs Muhaf\u0131z\u0131 dizisi aras\u0131ndaki fark hakk\u0131nda, sinema dilinin farkl\u0131 oldu\u011funu, yo\u011funla\u015fman\u0131n \u00f6nemli bir rol oynad\u0131\u011f\u0131n\u0131 ve olaylar\u0131n h\u0131z\u0131n\u0131n daha da artt\u0131\u011f\u0131n\u0131 belirterek, Kabbuci b\u00fcy\u00fckl\u00fc\u011f\u00fcnde bir karakterin, ayd\u0131nlanm\u0131\u015f bir din adam\u0131 ve ayn\u0131 zamanda sa\u011flam bir sava\u015f\u00e7\u0131 oldu\u011fu i\u00e7in \u00f6ne \u00e7\u0131kar\u0131lmay\u0131 hak etti\u011fini vurgulad\u0131.<\/p>\n<p style=\"text-align: justify;\">\u00dcmm\u00fc Atiyye rol\u00fcn\u00fc oynayan sanat\u00e7\u0131 Amal Saad El Din, bu karakterin Kabbouci&#8217;nin ki\u015fili\u011fi ve d\u00fc\u015f\u00fcncesi \u00fczerinde b\u00fcy\u00fck etkisi oldu\u011funu, \u00e7\u00fcnk\u00fc Kabbuci&#8217;nin son g\u00fcnlerine kadar saklad\u0131\u011f\u0131 bir vasiyet b\u0131rakt\u0131\u011f\u0131n\u0131, bu y\u00fczden Filistinlilerin evlerine ve topraklar\u0131na d\u00f6n\u00fc\u015f\u00fcn\u00fcn ka\u00e7\u0131n\u0131lmaz olaca\u011f\u0131na inanarak Kud\u00fcs&#8217;teki evinin anahtar\u0131n\u0131 hayat\u0131n\u0131n sonuna kadar saklad\u0131\u011f\u0131n\u0131a dikkat \u00e7ekti.<\/p>\n<p style=\"text-align: justify;\"><a href=\"http:\/\/107.6.182.27\/tr\/wp-content\/uploads\/2022\/01\/DSC_4176-scaled.jpg\"><img loading=\"lazy\" decoding=\"async\" class=\"size-medium wp-image-247951 alignright\" src=\"http:\/\/107.6.182.27\/tr\/wp-content\/uploads\/2022\/01\/DSC_4176-300x198.jpg\" alt=\"\" width=\"300\" height=\"198\" srcset=\"https:\/\/archive.sana.sy\/tr\/wp-content\/uploads\/2022\/01\/DSC_4176-300x198.jpg 300w, https:\/\/archive.sana.sy\/tr\/wp-content\/uploads\/2022\/01\/DSC_4176-1024x677.jpg 1024w, https:\/\/archive.sana.sy\/tr\/wp-content\/uploads\/2022\/01\/DSC_4176-150x99.jpg 150w, https:\/\/archive.sana.sy\/tr\/wp-content\/uploads\/2022\/01\/DSC_4176-768x508.jpg 768w, https:\/\/archive.sana.sy\/tr\/wp-content\/uploads\/2022\/01\/DSC_4176-1536x1016.jpg 1536w, https:\/\/archive.sana.sy\/tr\/wp-content\/uploads\/2022\/01\/DSC_4176-2048x1355.jpg 2048w, https:\/\/archive.sana.sy\/tr\/wp-content\/uploads\/2022\/01\/DSC_4176-310x205.jpg 310w\" sizes=\"auto, (max-width: 300px) 100vw, 300px\" \/><\/a><\/p>\n<p style=\"text-align: justify;\">Piskoposun filminin sanat\u00e7\u0131lar ve medya profesyonellerinden olu\u015fan bir seyirci \u00f6n\u00fcnde g\u00f6sterimi \u00f6ncesinde, Enformasyon Bakan\u0131 Dr. Butros Al Hallak film ailesine onursal hediyeler takdim etti.<\/p>\n<p style=\"text-align: justify;\">Filmin kendisi, y\u00f6netmen Al Hatib taraf\u0131ndan dizinin otuz b\u00f6l\u00fcm\u00fcn\u00fcn olaylar\u0131n\u0131n m\u00fckemmel bir \u00f6zetidir, \u00e7\u00fcnk\u00fc piskoposun hayat hikayesi, 1922&#8217;de Halep \u015fehrinde d\u00fcnyaya gelen Kabbuci&#8217;nin \u00e7ocukluk ve gen\u00e7li\u011fini h\u0131zla ge\u00e7er. 1962&#8217;de Roma Katolik cemaati i\u00e7in Kud\u00fcs&#8217;te ataerkil bir papaz oldu ve burada ilk g\u00fcnlerinden beri Ba\u015fpiskoposlu\u011fu Kud\u00fcsl\u00fclere yard\u0131m etmeye \u00e7al\u0131\u015fan ve \u00f6zellikle 1967&#8217;de \u015fehrin i\u015fgalci Siyonistler taraf\u0131ndan ele ge\u00e7irildikten sonra onlara yard\u0131m eli uzatan bir sivil topluma d\u00f6n\u00fc\u015ft\u00fcrmeye \u00e7al\u0131\u015ft\u0131.<\/p>\n<p style=\"text-align: justify;\">Filmde \u00a0Kabbuci&#8217;nin i\u00e7 hayat\u0131n\u0131 ortaya \u00e7\u0131kar\u0131rken, emekli olmay\u0131, sessiz kalmay\u0131 ve Filistinlilere uzanan i\u015fgal su\u00e7lar\u0131ndan uzak kalmay\u0131 reddederek, vatana ba\u011fl\u0131l\u0131\u011f\u0131n Allah&#8217;a giden yolun ba\u015flang\u0131c\u0131 oldu\u011funu g\u00f6rm\u00fc\u015f, i\u015fgal otoriteleri taraf\u0131ndan iki kez tutuklanm\u0131\u015f, mahkemeye \u00e7\u0131km\u0131\u015f ve hakk\u0131nda 12 y\u0131l hapis cezas\u0131na \u00e7arpt\u0131r\u0131lm\u0131\u015f Ramleh g\u00f6zalt\u0131 merkezindeki hapishanede yatm\u0131\u015ft\u0131r.<\/p>\n<p style=\"text-align: justify;\"><a href=\"http:\/\/107.6.182.27\/tr\/wp-content\/uploads\/2022\/01\/DSC_4196-scaled.jpg\"><img loading=\"lazy\" decoding=\"async\" class=\"size-medium wp-image-247952 alignright\" src=\"http:\/\/107.6.182.27\/tr\/wp-content\/uploads\/2022\/01\/DSC_4196-300x200.jpg\" alt=\"\" width=\"300\" height=\"200\" srcset=\"https:\/\/archive.sana.sy\/tr\/wp-content\/uploads\/2022\/01\/DSC_4196-300x200.jpg 300w, https:\/\/archive.sana.sy\/tr\/wp-content\/uploads\/2022\/01\/DSC_4196-1024x682.jpg 1024w, https:\/\/archive.sana.sy\/tr\/wp-content\/uploads\/2022\/01\/DSC_4196-150x100.jpg 150w, https:\/\/archive.sana.sy\/tr\/wp-content\/uploads\/2022\/01\/DSC_4196-768x511.jpg 768w, https:\/\/archive.sana.sy\/tr\/wp-content\/uploads\/2022\/01\/DSC_4196-1536x1022.jpg 1536w, https:\/\/archive.sana.sy\/tr\/wp-content\/uploads\/2022\/01\/DSC_4196-2048x1363.jpg 2048w\" sizes=\"auto, (max-width: 300px) 100vw, 300px\" \/><\/a><\/p>\n<p style=\"text-align: justify;\">Film, merhum gardiyan\u0131n yolunu b\u0131rakmayan, iradesini k\u0131rmak ve g\u00f6revinden cayd\u0131rmak i\u00e7in pe\u015finden giden, ancak onlar\u0131 cesaret ve kararl\u0131l\u0131kla kar\u015f\u0131 kar\u015f\u0131ya getiren gardiyanlar\u0131yla kar\u015f\u0131la\u015ft\u0131klar\u0131na dokunakl\u0131 ve sars\u0131c\u0131 bak\u0131\u015flar sunuyor. Uluslararas\u0131 kamuoyunu me\u015fgul eden mesele, bu nedenle Siyonist i\u015fgal yetkilileri, hapiste kald\u0131ktan d\u00f6rt y\u0131l sonra, Vatikan&#8217;la m\u00fczakerelere girmek zorunda kalm\u0131\u015f, i\u015fgale kar\u015f\u0131 direnmeyi b\u0131rakmas\u0131 ve Kud\u00fcs Metropoliti olarak geri d\u00f6nmemesi \u015fart\u0131yla hapishaneden serbest b\u0131rak\u0131lmas\u0131 i\u00e7in Vatikan&#8217;la m\u00fczakerelere girmek zorunda kalm\u0131\u015flard\u0131r.<\/p>\n<p style=\"text-align: justify;\">Bununla birlikte, filmin en yerle\u015fik mesaj\u0131 olarak kalacak olan mesaj\u0131, Hilarion Kabbuci&#8217;nin, t\u00fcm ac\u0131lar\u0131na, yerinden edilmesine ve sevdi\u011fi Kud\u00fcs \u015fehrinden s\u00fcrg\u00fcn edilmesine ra\u011fmen, gasp edicilerinden kurtulu\u015fu i\u00e7in, bir g\u00fcn geri d\u00f6nece\u011finin, Mesih&#8217;in be\u015fi\u011finin sonsuza dek i\u015fgalcilerin ve katillerin elinde kalmayaca\u011f\u0131n\u0131 kaz\u0131m\u0131\u015ft\u0131r.<\/p>\n<p style=\"text-align: justify;\">Filmin g\u00f6sterimine K\u00fclt\u00fcr Bakan\u0131 Dr. Lubana Mu\u015favvah, \u015eam Valisi M\u00fchendis Adil Al Olabi ve \u00e7ok say\u0131da medya kurulu\u015fu y\u00f6neticisi kat\u0131ld\u0131.<\/p>\n<p style=\"text-align: justify;\"><iframe loading=\"lazy\" title=\"YouTube video player\" src=\"https:\/\/www.youtube.com\/embed\/SA9UiT7nAm8\" width=\"660\" height=\"370\" frameborder=\"0\" allowfullscreen=\"allowfullscreen\"><span data-mce-type=\"bookmark\" style=\"display: inline-block; width: 0px; overflow: hidden; line-height: 0;\" class=\"mce_SELRES_start\">\ufeff<\/span><\/iframe><\/p>\n","protected":false},"excerpt":{"rendered":"<p>\u015eAM &#8211; Ba\u015fpiskopos ve direni\u015f\u00e7i Hilarion Kabbuci&#8217;nin \u00f6l\u00fcm\u00fcn\u00fcn be\u015finci y\u0131ld\u00f6n\u00fcm\u00fc vesilesiyle, Enformasyon Bakanl\u0131\u011f\u0131, piskoposun biyografisini, \u00f6zellikle Siyonist i\u015fgale kar\u015f\u0131 direni\u015fini ve onun h\u00fccreler arkas\u0131nda ge\u00e7irdi\u011fi y\u0131llar\u0131 belgeleyen filminin \u00f6zel g\u00f6sterimini ba\u015flatt\u0131. \u0130lk kez bu ak\u015fam El Esad K\u00fclt\u00fcr ve Sanat Evi \u00a0Drama Tiyatrosu&#8217;nda Suriyeli seyircilerin \u00f6n\u00fcnde g\u00f6sterilen Kabbuci filminin yap\u0131mc\u0131l\u0131\u011f\u0131n\u0131 Radyo ve Televizyon Genel Kurumu, &hellip;<\/p>\n","protected":false},"author":1,"featured_media":247948,"comment_status":"closed","ping_status":"closed","sticky":false,"template":"","format":"standard","meta":{"footnotes":""},"categories":[479,516,511,17988,478],"tags":[],"class_list":["post-247947","post","type-post","status-publish","format-standard","has-post-thumbnail","","category-haberler-yerel","category-haberler-kultur-ve-sanat","category-kultur-ve-sanat","category-son-haberler","category-yerel"],"_links":{"self":[{"href":"https:\/\/archive.sana.sy\/tr\/index.php?rest_route=\/wp\/v2\/posts\/247947","targetHints":{"allow":["GET"]}}],"collection":[{"href":"https:\/\/archive.sana.sy\/tr\/index.php?rest_route=\/wp\/v2\/posts"}],"about":[{"href":"https:\/\/archive.sana.sy\/tr\/index.php?rest_route=\/wp\/v2\/types\/post"}],"author":[{"embeddable":true,"href":"https:\/\/archive.sana.sy\/tr\/index.php?rest_route=\/wp\/v2\/users\/1"}],"replies":[{"embeddable":true,"href":"https:\/\/archive.sana.sy\/tr\/index.php?rest_route=%2Fwp%2Fv2%2Fcomments&post=247947"}],"version-history":[{"count":0,"href":"https:\/\/archive.sana.sy\/tr\/index.php?rest_route=\/wp\/v2\/posts\/247947\/revisions"}],"wp:featuredmedia":[{"embeddable":true,"href":"https:\/\/archive.sana.sy\/tr\/index.php?rest_route=\/wp\/v2\/media\/247948"}],"wp:attachment":[{"href":"https:\/\/archive.sana.sy\/tr\/index.php?rest_route=%2Fwp%2Fv2%2Fmedia&parent=247947"}],"wp:term":[{"taxonomy":"category","embeddable":true,"href":"https:\/\/archive.sana.sy\/tr\/index.php?rest_route=%2Fwp%2Fv2%2Fcategories&post=247947"},{"taxonomy":"post_tag","embeddable":true,"href":"https:\/\/archive.sana.sy\/tr\/index.php?rest_route=%2Fwp%2Fv2%2Ftags&post=247947"}],"curies":[{"name":"wp","href":"https:\/\/api.w.org\/{rel}","templated":true}]}}