{"id":247959,"date":"2022-01-03T10:48:19","date_gmt":"2022-01-03T08:48:19","guid":{"rendered":"http:\/\/107.6.182.27\/tr\/?p=247959"},"modified":"2022-01-06T08:30:55","modified_gmt":"2022-01-06T06:30:55","slug":"suriye-colunde-meydana-gelen-teror-saldirisinda-5-asker-sehit-oldu-cok-sayida-asker-yaralandi","status":"publish","type":"post","link":"https:\/\/archive.sana.sy\/tr\/?p=247959","title":{"rendered":"Suriye \u00c7\u00f6l\u00fcnde Meydana Gelen Ter\u00f6r Sald\u0131r\u0131s\u0131nda 5 Asker \u015eehit Oldu, \u00c7ok Say\u0131da Asker Yaraland\u0131"},"content":{"rendered":"<p style=\"text-align: justify;\">HOMS &#8211; Suriye&#8217;nin \u00c7\u00f6l\u00fcnde \u00fc\u00e7\u00fcnc\u00fc istasyonun do\u011fusunda askeri nakliye otob\u00fcs\u00fcne y\u00f6nelik I\u015e\u0130D ter\u00f6r \u00f6rg\u00fct\u00fcn\u00fcn d\u00fczenledi\u011fi f\u00fcze sald\u0131r\u0131s\u0131nda be\u015f asker \u015fehit oldu, yirmi asker de yaraland\u0131.<\/p>\n<p style=\"text-align: justify;\">Askeri kaynak, &#8220;D\u00fcn ak\u015fam yedi sular\u0131nda Suriye \u00c7\u00f6l\u00fcndeki \u00fc\u00e7\u00fcnc\u00fc istasyonun 50 km do\u011fusunda I\u015e\u0130D ter\u00f6r \u00f6rg\u00fct\u00fcne ba\u011fl\u0131 bir grubun askeri nakliye otob\u00fcs\u00fcne y\u00f6nelik f\u00fczeli ter\u00f6r sald\u0131r\u0131s\u0131 d\u00fczenledi\u011fini, sald\u0131r\u0131 sonras\u0131nda 23 mm&#8217;lik toptan at\u0131\u015flar\u0131n izledi\u011fini&#8221; s\u00f6yledi.<\/p>\n<p style=\"text-align: justify;\">Kaynak, ter\u00f6rist sald\u0131r\u0131s\u0131n\u0131n &#8220;be\u015f askerin \u00f6l\u00fcm\u00fcne ve yirmi ki\u015finin de yaralanmas\u0131na yol a\u00e7t\u0131\u011f\u0131n\u0131&#8221; belirtti.<\/p>\n","protected":false},"excerpt":{"rendered":"<p>HOMS &#8211; Suriye&#8217;nin \u00c7\u00f6l\u00fcnde \u00fc\u00e7\u00fcnc\u00fc istasyonun do\u011fusunda askeri nakliye otob\u00fcs\u00fcne y\u00f6nelik I\u015e\u0130D ter\u00f6r \u00f6rg\u00fct\u00fcn\u00fcn d\u00fczenledi\u011fi f\u00fcze sald\u0131r\u0131s\u0131nda be\u015f asker \u015fehit oldu, yirmi asker de yaraland\u0131. Askeri kaynak, &#8220;D\u00fcn ak\u015fam yedi sular\u0131nda Suriye \u00c7\u00f6l\u00fcndeki \u00fc\u00e7\u00fcnc\u00fc istasyonun 50 km do\u011fusunda I\u015e\u0130D ter\u00f6r \u00f6rg\u00fct\u00fcne ba\u011fl\u0131 bir grubun askeri nakliye otob\u00fcs\u00fcne y\u00f6nelik f\u00fczeli ter\u00f6r sald\u0131r\u0131s\u0131 d\u00fczenledi\u011fini, sald\u0131r\u0131 sonras\u0131nda 23 &hellip;<\/p>\n","protected":false},"author":1,"featured_media":247960,"comment_status":"closed","ping_status":"closed","sticky":false,"template":"","format":"standard","meta":{"footnotes":""},"categories":[479,575,17988,478],"tags":[],"class_list":["post-247959","post","type-post","status-publish","format-standard","has-post-thumbnail","","category-haberler-yerel","category-olaylar-ve-gercekler","category-son-haberler","category-yerel"],"_links":{"self":[{"href":"https:\/\/archive.sana.sy\/tr\/index.php?rest_route=\/wp\/v2\/posts\/247959","targetHints":{"allow":["GET"]}}],"collection":[{"href":"https:\/\/archive.sana.sy\/tr\/index.php?rest_route=\/wp\/v2\/posts"}],"about":[{"href":"https:\/\/archive.sana.sy\/tr\/index.php?rest_route=\/wp\/v2\/types\/post"}],"author":[{"embeddable":true,"href":"https:\/\/archive.sana.sy\/tr\/index.php?rest_route=\/wp\/v2\/users\/1"}],"replies":[{"embeddable":true,"href":"https:\/\/archive.sana.sy\/tr\/index.php?rest_route=%2Fwp%2Fv2%2Fcomments&post=247959"}],"version-history":[{"count":0,"href":"https:\/\/archive.sana.sy\/tr\/index.php?rest_route=\/wp\/v2\/posts\/247959\/revisions"}],"wp:featuredmedia":[{"embeddable":true,"href":"https:\/\/archive.sana.sy\/tr\/index.php?rest_route=\/wp\/v2\/media\/247960"}],"wp:attachment":[{"href":"https:\/\/archive.sana.sy\/tr\/index.php?rest_route=%2Fwp%2Fv2%2Fmedia&parent=247959"}],"wp:term":[{"taxonomy":"category","embeddable":true,"href":"https:\/\/archive.sana.sy\/tr\/index.php?rest_route=%2Fwp%2Fv2%2Fcategories&post=247959"},{"taxonomy":"post_tag","embeddable":true,"href":"https:\/\/archive.sana.sy\/tr\/index.php?rest_route=%2Fwp%2Fv2%2Ftags&post=247959"}],"curies":[{"name":"wp","href":"https:\/\/api.w.org\/{rel}","templated":true}]}}