{"id":247962,"date":"2022-01-03T10:50:00","date_gmt":"2022-01-03T08:50:00","guid":{"rendered":"http:\/\/107.6.182.27\/tr\/?p=247962"},"modified":"2022-01-06T08:31:30","modified_gmt":"2022-01-06T06:31:30","slug":"isgalci-turkiye-ve-kiraliklari-rakka-kirsalini-fuzelerle-hedef-aliyor","status":"publish","type":"post","link":"https:\/\/archive.sana.sy\/tr\/?p=247962","title":{"rendered":"\u0130\u015fgalci T\u00fcrkiye Ve Kiral\u0131klar\u0131 Rakka K\u0131rsal\u0131n\u0131 F\u00fczelerle Hedef Al\u0131yor"},"content":{"rendered":"<p style=\"text-align: justify;\">RAKKA \u2013 \u0130\u015fgalci T\u00fcrkiye g\u00fc\u00e7leri ve ter\u00f6r \u00f6rg\u00fctlerine ba\u011fl\u0131 kiral\u0131klar\u0131, Rakka&#8217;n\u0131n kuzey k\u0131rsal\u0131ndaki Al Dibs ve Abu Nitola k\u00f6yleri ile Ayn \u0130sa beldesi \u00e7evresine top\u00e7u ate\u015fiyle sald\u0131rd\u0131.<\/p>\n<p style=\"text-align: justify;\">Yerel kaynaklar SANA&#8217;ya verdi\u011fi deme\u00e7te, T\u00fcrk i\u015fgal kuvvetleri ve komutas\u0131 alt\u0131nda faaliyet g\u00f6steren ter\u00f6rist gruplar\u0131n a\u011f\u0131r toplarla, Al Dibs ve Abu Nitola k\u00f6ylerini ve Rakka&#8217;n\u0131n kuzeyindeki Ayn \u0130sa beldesi \u00e7evresini a\u011f\u0131r toplarla hedef ald\u0131\u011f\u0131n\u0131, kamu ve \u00f6zel m\u00fclklerle ekili arazilerde hasara yol a\u00e7t\u0131\u011f\u0131n\u0131 s\u00f6yledi.<\/p>\n","protected":false},"excerpt":{"rendered":"<p>RAKKA \u2013 \u0130\u015fgalci T\u00fcrkiye g\u00fc\u00e7leri ve ter\u00f6r \u00f6rg\u00fctlerine ba\u011fl\u0131 kiral\u0131klar\u0131, Rakka&#8217;n\u0131n kuzey k\u0131rsal\u0131ndaki Al Dibs ve Abu Nitola k\u00f6yleri ile Ayn \u0130sa beldesi \u00e7evresine top\u00e7u ate\u015fiyle sald\u0131rd\u0131. Yerel kaynaklar SANA&#8217;ya verdi\u011fi deme\u00e7te, T\u00fcrk i\u015fgal kuvvetleri ve komutas\u0131 alt\u0131nda faaliyet g\u00f6steren ter\u00f6rist gruplar\u0131n a\u011f\u0131r toplarla, Al Dibs ve Abu Nitola k\u00f6ylerini ve Rakka&#8217;n\u0131n kuzeyindeki Ayn \u0130sa &hellip;<\/p>\n","protected":false},"author":1,"featured_media":247963,"comment_status":"closed","ping_status":"closed","sticky":false,"template":"","format":"standard","meta":{"footnotes":""},"categories":[479,17988,2554,2555,478],"tags":[],"class_list":["post-247962","post","type-post","status-publish","format-standard","has-post-thumbnail","","category-haberler-yerel","category-son-haberler","category-suriye-ve-dunya","category-suriye-ve-turkiye","category-yerel"],"_links":{"self":[{"href":"https:\/\/archive.sana.sy\/tr\/index.php?rest_route=\/wp\/v2\/posts\/247962","targetHints":{"allow":["GET"]}}],"collection":[{"href":"https:\/\/archive.sana.sy\/tr\/index.php?rest_route=\/wp\/v2\/posts"}],"about":[{"href":"https:\/\/archive.sana.sy\/tr\/index.php?rest_route=\/wp\/v2\/types\/post"}],"author":[{"embeddable":true,"href":"https:\/\/archive.sana.sy\/tr\/index.php?rest_route=\/wp\/v2\/users\/1"}],"replies":[{"embeddable":true,"href":"https:\/\/archive.sana.sy\/tr\/index.php?rest_route=%2Fwp%2Fv2%2Fcomments&post=247962"}],"version-history":[{"count":0,"href":"https:\/\/archive.sana.sy\/tr\/index.php?rest_route=\/wp\/v2\/posts\/247962\/revisions"}],"wp:featuredmedia":[{"embeddable":true,"href":"https:\/\/archive.sana.sy\/tr\/index.php?rest_route=\/wp\/v2\/media\/247963"}],"wp:attachment":[{"href":"https:\/\/archive.sana.sy\/tr\/index.php?rest_route=%2Fwp%2Fv2%2Fmedia&parent=247962"}],"wp:term":[{"taxonomy":"category","embeddable":true,"href":"https:\/\/archive.sana.sy\/tr\/index.php?rest_route=%2Fwp%2Fv2%2Fcategories&post=247962"},{"taxonomy":"post_tag","embeddable":true,"href":"https:\/\/archive.sana.sy\/tr\/index.php?rest_route=%2Fwp%2Fv2%2Ftags&post=247962"}],"curies":[{"name":"wp","href":"https:\/\/api.w.org\/{rel}","templated":true}]}}