{"id":247966,"date":"2022-01-03T13:15:25","date_gmt":"2022-01-03T11:15:25","guid":{"rendered":"http:\/\/107.6.182.27\/tr\/?p=247966"},"modified":"2022-01-06T08:31:24","modified_gmt":"2022-01-06T06:31:24","slug":"calinti-suriye-petrolu-tasiyan-amerikan-isgal-konvoyu-iraka-gecti","status":"publish","type":"post","link":"https:\/\/archive.sana.sy\/tr\/?p=247966","title":{"rendered":"\u00c7al\u0131nt\u0131 Suriye Petrol\u00fc Ta\u015f\u0131yan Amerikan \u0130\u015fgal Konvoyu Irak\u2019a Ge\u00e7ti"},"content":{"rendered":"<p style=\"text-align: justify;\">HASEKE \u2013 Amerikan i\u015fgal g\u00fc\u00e7leri \u00e7al\u0131nt\u0131 Suriye petrol\u00fc ve lojistik te\u00e7hizat ta\u015f\u0131yan bir konvoy Haseke k\u0131rsal\u0131n\u0131n kuzey do\u011fusundaki el Velid gayri me\u015fru s\u0131n\u0131r ge\u00e7idi \u00fczerinden Irak\u2019a \u00e7\u0131kard\u0131.<\/p>\n<p style=\"text-align: justify;\">B\u00f6lge kaynaklar SANA muhabirine ya\u011ft\u0131klar\u0131 a\u00e7\u0131klamda, Amerikan i\u015fgaline ait 60 tankerin bulundu\u011fu 128 z\u0131rhl\u0131 ara\u00e7tan olu\u015fan bir konvoyun el Velid gayri me\u015fru s\u0131n\u0131r ge\u00e7idi \u00fczerinden Irak\u2019a do\u011fru \u00e7\u0131kt\u0131\u011f\u0131n\u0131 belirtti.<\/p>\n<p style=\"text-align: justify;\">P.M.<\/p>\n","protected":false},"excerpt":{"rendered":"<p>HASEKE \u2013 Amerikan i\u015fgal g\u00fc\u00e7leri \u00e7al\u0131nt\u0131 Suriye petrol\u00fc ve lojistik te\u00e7hizat ta\u015f\u0131yan bir konvoy Haseke k\u0131rsal\u0131n\u0131n kuzey do\u011fusundaki el Velid gayri me\u015fru s\u0131n\u0131r ge\u00e7idi \u00fczerinden Irak\u2019a \u00e7\u0131kard\u0131. B\u00f6lge kaynaklar SANA muhabirine ya\u011ft\u0131klar\u0131 a\u00e7\u0131klamda, Amerikan i\u015fgaline ait 60 tankerin bulundu\u011fu 128 z\u0131rhl\u0131 ara\u00e7tan olu\u015fan bir konvoyun el Velid gayri me\u015fru s\u0131n\u0131r ge\u00e7idi \u00fczerinden Irak\u2019a do\u011fru \u00e7\u0131kt\u0131\u011f\u0131n\u0131 &hellip;<\/p>\n","protected":false},"author":1,"featured_media":247967,"comment_status":"closed","ping_status":"closed","sticky":false,"template":"","format":"standard","meta":{"footnotes":""},"categories":[479,575,17988,478],"tags":[],"class_list":["post-247966","post","type-post","status-publish","format-standard","has-post-thumbnail","","category-haberler-yerel","category-olaylar-ve-gercekler","category-son-haberler","category-yerel"],"_links":{"self":[{"href":"https:\/\/archive.sana.sy\/tr\/index.php?rest_route=\/wp\/v2\/posts\/247966","targetHints":{"allow":["GET"]}}],"collection":[{"href":"https:\/\/archive.sana.sy\/tr\/index.php?rest_route=\/wp\/v2\/posts"}],"about":[{"href":"https:\/\/archive.sana.sy\/tr\/index.php?rest_route=\/wp\/v2\/types\/post"}],"author":[{"embeddable":true,"href":"https:\/\/archive.sana.sy\/tr\/index.php?rest_route=\/wp\/v2\/users\/1"}],"replies":[{"embeddable":true,"href":"https:\/\/archive.sana.sy\/tr\/index.php?rest_route=%2Fwp%2Fv2%2Fcomments&post=247966"}],"version-history":[{"count":0,"href":"https:\/\/archive.sana.sy\/tr\/index.php?rest_route=\/wp\/v2\/posts\/247966\/revisions"}],"wp:featuredmedia":[{"embeddable":true,"href":"https:\/\/archive.sana.sy\/tr\/index.php?rest_route=\/wp\/v2\/media\/247967"}],"wp:attachment":[{"href":"https:\/\/archive.sana.sy\/tr\/index.php?rest_route=%2Fwp%2Fv2%2Fmedia&parent=247966"}],"wp:term":[{"taxonomy":"category","embeddable":true,"href":"https:\/\/archive.sana.sy\/tr\/index.php?rest_route=%2Fwp%2Fv2%2Fcategories&post=247966"},{"taxonomy":"post_tag","embeddable":true,"href":"https:\/\/archive.sana.sy\/tr\/index.php?rest_route=%2Fwp%2Fv2%2Ftags&post=247966"}],"curies":[{"name":"wp","href":"https:\/\/api.w.org\/{rel}","templated":true}]}}