{"id":247969,"date":"2022-01-03T13:19:20","date_gmt":"2022-01-03T11:19:20","guid":{"rendered":"http:\/\/107.6.182.27\/tr\/?p=247969"},"modified":"2022-01-06T08:31:53","modified_gmt":"2022-01-06T06:31:53","slug":"dogu-bolgede-ulusal-anlasma-prosedurleri-suruyor","status":"publish","type":"post","link":"https:\/\/archive.sana.sy\/tr\/?p=247969","title":{"rendered":"Do\u011fu B\u00f6lgede Ulusal Anla\u015fma Prosed\u00fcrleri S\u00fcr\u00fcyor"},"content":{"rendered":"<p style=\"text-align: justify;\">DEYREZZOR \u2013 Deyrezzor \u0130linde devlet taraf\u0131ndan ge\u00e7en y\u0131l\u0131n son ay\u0131nda ba\u015flat\u0131lan ulusal anla\u015fma ve yasal durumlar \u00e7\u00f6zme s\u00fcreci \u00e7er\u00e7evesinde il genelinde ve \u00f6zellikle de el Mayadin Kenti\u2019nde anla\u015fma prosed\u00fcrleri s\u00fcr\u00fcyor.<\/p>\n<p style=\"text-align: justify;\">Bu ba\u011flamda onlarca vatanda\u015flar sabah saatlerinden itibaren el Mayadin Kenti\u2019nde a\u00e7\u0131lan anla\u015fma merkezline ula\u015f\u0131p yasal durumlar\u0131n\u0131 \u00e7\u00f6zmeye devam ediyor.<\/p>\n<p style=\"text-align: justify;\">P.M.<\/p>\n<div id='gallery-1' class='gallery galleryid-247969 gallery-columns-2 gallery-size-full'><figure class='gallery-item'>\n\t\t\t<div class='gallery-icon landscape'>\n\t\t\t\t<a href='https:\/\/archive.sana.sy\/tr\/wp-content\/uploads\/2022\/01\/4-1.jpg'><img loading=\"lazy\" decoding=\"async\" width=\"660\" height=\"371\" src=\"https:\/\/archive.sana.sy\/tr\/wp-content\/uploads\/2022\/01\/4-1.jpg\" class=\"attachment-full size-full\" alt=\"\" srcset=\"https:\/\/archive.sana.sy\/tr\/wp-content\/uploads\/2022\/01\/4-1.jpg 660w, https:\/\/archive.sana.sy\/tr\/wp-content\/uploads\/2022\/01\/4-1-300x169.jpg 300w, https:\/\/archive.sana.sy\/tr\/wp-content\/uploads\/2022\/01\/4-1-150x84.jpg 150w\" sizes=\"auto, (max-width: 660px) 100vw, 660px\" \/><\/a>\n\t\t\t<\/div><\/figure><figure class='gallery-item'>\n\t\t\t<div class='gallery-icon landscape'>\n\t\t\t\t<a href='https:\/\/archive.sana.sy\/tr\/wp-content\/uploads\/2022\/01\/5-1.jpg'><img loading=\"lazy\" decoding=\"async\" width=\"660\" height=\"371\" src=\"https:\/\/archive.sana.sy\/tr\/wp-content\/uploads\/2022\/01\/5-1.jpg\" class=\"attachment-full size-full\" alt=\"\" srcset=\"https:\/\/archive.sana.sy\/tr\/wp-content\/uploads\/2022\/01\/5-1.jpg 660w, https:\/\/archive.sana.sy\/tr\/wp-content\/uploads\/2022\/01\/5-1-300x169.jpg 300w, https:\/\/archive.sana.sy\/tr\/wp-content\/uploads\/2022\/01\/5-1-150x84.jpg 150w\" sizes=\"auto, (max-width: 660px) 100vw, 660px\" \/><\/a>\n\t\t\t<\/div><\/figure>\n\t\t<\/div>\n\n","protected":false},"excerpt":{"rendered":"<p>DEYREZZOR \u2013 Deyrezzor \u0130linde devlet taraf\u0131ndan ge\u00e7en y\u0131l\u0131n son ay\u0131nda ba\u015flat\u0131lan ulusal anla\u015fma ve yasal durumlar \u00e7\u00f6zme s\u00fcreci \u00e7er\u00e7evesinde il genelinde ve \u00f6zellikle de el Mayadin Kenti\u2019nde anla\u015fma prosed\u00fcrleri s\u00fcr\u00fcyor. Bu ba\u011flamda onlarca vatanda\u015flar sabah saatlerinden itibaren el Mayadin Kenti\u2019nde a\u00e7\u0131lan anla\u015fma merkezline ula\u015f\u0131p yasal durumlar\u0131n\u0131 \u00e7\u00f6zmeye devam ediyor. P.M.<\/p>\n","protected":false},"author":1,"featured_media":247970,"comment_status":"closed","ping_status":"closed","sticky":false,"template":"","format":"standard","meta":{"footnotes":""},"categories":[596,479,17988,478],"tags":[],"class_list":["post-247969","post","type-post","status-publish","format-standard","has-post-thumbnail","","category-fotografli-raporlar","category-haberler-yerel","category-son-haberler","category-yerel"],"_links":{"self":[{"href":"https:\/\/archive.sana.sy\/tr\/index.php?rest_route=\/wp\/v2\/posts\/247969","targetHints":{"allow":["GET"]}}],"collection":[{"href":"https:\/\/archive.sana.sy\/tr\/index.php?rest_route=\/wp\/v2\/posts"}],"about":[{"href":"https:\/\/archive.sana.sy\/tr\/index.php?rest_route=\/wp\/v2\/types\/post"}],"author":[{"embeddable":true,"href":"https:\/\/archive.sana.sy\/tr\/index.php?rest_route=\/wp\/v2\/users\/1"}],"replies":[{"embeddable":true,"href":"https:\/\/archive.sana.sy\/tr\/index.php?rest_route=%2Fwp%2Fv2%2Fcomments&post=247969"}],"version-history":[{"count":0,"href":"https:\/\/archive.sana.sy\/tr\/index.php?rest_route=\/wp\/v2\/posts\/247969\/revisions"}],"wp:featuredmedia":[{"embeddable":true,"href":"https:\/\/archive.sana.sy\/tr\/index.php?rest_route=\/wp\/v2\/media\/247970"}],"wp:attachment":[{"href":"https:\/\/archive.sana.sy\/tr\/index.php?rest_route=%2Fwp%2Fv2%2Fmedia&parent=247969"}],"wp:term":[{"taxonomy":"category","embeddable":true,"href":"https:\/\/archive.sana.sy\/tr\/index.php?rest_route=%2Fwp%2Fv2%2Fcategories&post=247969"},{"taxonomy":"post_tag","embeddable":true,"href":"https:\/\/archive.sana.sy\/tr\/index.php?rest_route=%2Fwp%2Fv2%2Ftags&post=247969"}],"curies":[{"name":"wp","href":"https:\/\/api.w.org\/{rel}","templated":true}]}}