{"id":247974,"date":"2022-01-03T14:07:01","date_gmt":"2022-01-03T12:07:01","guid":{"rendered":"http:\/\/107.6.182.27\/tr\/?p=247974"},"modified":"2022-01-06T08:32:58","modified_gmt":"2022-01-06T06:32:58","slug":"hama-kirsalinda-isid-teror-orgutunden-kalma-mayin-patlamasinda-bir-vatandas-sehit","status":"publish","type":"post","link":"https:\/\/archive.sana.sy\/tr\/?p=247974","title":{"rendered":"Hama K\u0131rsal\u0131nda \u201cI\u015e\u0130D\u201d Ter\u00f6r \u00d6rg\u00fct\u00fcnden Kalma May\u0131n Patlamas\u0131nda Bir Vatanda\u015f \u015eehit"},"content":{"rendered":"<p style=\"text-align: justify;\">HAMA \u2013 Hama k\u0131rsal\u0131n\u0131n do\u011fusunda yer alan \u015eeyh Hilal b\u00f6lgesinde I\u015e\u0130D ter\u00f6r \u00f6rg\u00fct\u00fcnden kalma bir may\u0131n\u0131n patlamas\u0131nda bir vatanda\u015f \u015fehit d\u00fc\u015ft\u00fc.<\/p>\n<p style=\"text-align: justify;\">SANA\u2019n\u0131n Hama muhabiri, Hama k\u0131rsal\u0131n\u0131n do\u011fusundaki el Selemiye nahiyesine tabi \u015eeyh Hilal b\u00f6lgesinde \u201cI\u015e\u0130D\u201d ter\u00f6r \u00f6rg\u00fct\u00fcnden kalma bir kara may\u0131n\u0131n patlad\u0131\u011f\u0131n\u0131 ve bunun sonucunda bir vatanda\u015f\u0131n \u015fehit d\u00fc\u015ft\u00fc\u011f\u00fcn\u00fc belirtti. Muhabir, \u015fehit d\u00fc\u015fen vatanda\u015f\u0131n \u00e7oban etti\u011fi anda may\u0131n patlamas\u0131na maruz kal\u0131d\u0131\u011f\u0131na i\u015faret ederken, patlamada \u00e7ok say\u0131da koyunun de \u00f6ld\u00fc\u011f\u00fcn\u00fc s\u00f6zlerine ekledi.<\/p>\n<p style=\"text-align: justify;\">P.M.<\/p>\n","protected":false},"excerpt":{"rendered":"<p>HAMA \u2013 Hama k\u0131rsal\u0131n\u0131n do\u011fusunda yer alan \u015eeyh Hilal b\u00f6lgesinde I\u015e\u0130D ter\u00f6r \u00f6rg\u00fct\u00fcnden kalma bir may\u0131n\u0131n patlamas\u0131nda bir vatanda\u015f \u015fehit d\u00fc\u015ft\u00fc. SANA\u2019n\u0131n Hama muhabiri, Hama k\u0131rsal\u0131n\u0131n do\u011fusundaki el Selemiye nahiyesine tabi \u015eeyh Hilal b\u00f6lgesinde \u201cI\u015e\u0130D\u201d ter\u00f6r \u00f6rg\u00fct\u00fcnden kalma bir kara may\u0131n\u0131n patlad\u0131\u011f\u0131n\u0131 ve bunun sonucunda bir vatanda\u015f\u0131n \u015fehit d\u00fc\u015ft\u00fc\u011f\u00fcn\u00fc belirtti. Muhabir, \u015fehit d\u00fc\u015fen vatanda\u015f\u0131n \u00e7oban &hellip;<\/p>\n","protected":false},"author":1,"featured_media":247975,"comment_status":"closed","ping_status":"closed","sticky":false,"template":"","format":"standard","meta":{"footnotes":""},"categories":[479,575,17988,478],"tags":[],"class_list":["post-247974","post","type-post","status-publish","format-standard","has-post-thumbnail","","category-haberler-yerel","category-olaylar-ve-gercekler","category-son-haberler","category-yerel"],"_links":{"self":[{"href":"https:\/\/archive.sana.sy\/tr\/index.php?rest_route=\/wp\/v2\/posts\/247974","targetHints":{"allow":["GET"]}}],"collection":[{"href":"https:\/\/archive.sana.sy\/tr\/index.php?rest_route=\/wp\/v2\/posts"}],"about":[{"href":"https:\/\/archive.sana.sy\/tr\/index.php?rest_route=\/wp\/v2\/types\/post"}],"author":[{"embeddable":true,"href":"https:\/\/archive.sana.sy\/tr\/index.php?rest_route=\/wp\/v2\/users\/1"}],"replies":[{"embeddable":true,"href":"https:\/\/archive.sana.sy\/tr\/index.php?rest_route=%2Fwp%2Fv2%2Fcomments&post=247974"}],"version-history":[{"count":0,"href":"https:\/\/archive.sana.sy\/tr\/index.php?rest_route=\/wp\/v2\/posts\/247974\/revisions"}],"wp:featuredmedia":[{"embeddable":true,"href":"https:\/\/archive.sana.sy\/tr\/index.php?rest_route=\/wp\/v2\/media\/247975"}],"wp:attachment":[{"href":"https:\/\/archive.sana.sy\/tr\/index.php?rest_route=%2Fwp%2Fv2%2Fmedia&parent=247974"}],"wp:term":[{"taxonomy":"category","embeddable":true,"href":"https:\/\/archive.sana.sy\/tr\/index.php?rest_route=%2Fwp%2Fv2%2Fcategories&post=247974"},{"taxonomy":"post_tag","embeddable":true,"href":"https:\/\/archive.sana.sy\/tr\/index.php?rest_route=%2Fwp%2Fv2%2Ftags&post=247974"}],"curies":[{"name":"wp","href":"https:\/\/api.w.org\/{rel}","templated":true}]}}