{"id":247978,"date":"2022-01-03T23:33:41","date_gmt":"2022-01-03T21:33:41","guid":{"rendered":"http:\/\/107.6.182.27\/tr\/?p=247978"},"modified":"2022-01-06T08:35:24","modified_gmt":"2022-01-06T06:35:24","slug":"basbakan-arnus-duma-kentinde-bir-dizi-altyapi-projelerine-incelleme-ziyarettinde","status":"publish","type":"post","link":"https:\/\/archive.sana.sy\/tr\/?p=247978","title":{"rendered":"Ba\u015fbakan Arnus Duma Kenti\u2019nde Bir Dizi Altyap\u0131 Projelerine \u0130ncelleme Ziyarettinde"},"content":{"rendered":"<p>\u015eAM KIRSALI \u2013 Ba\u015fbakan Hussein Arnus, bug\u00fcn \u015eam k\u0131rsal\u0131ndaki Duma telefon merkezini yerel halkla i\u015fbirli\u011fi i\u00e7inde iki bu\u00e7uk milyar Suriye liraya mal olacak \u015fekilde hizmete a\u00e7t\u0131.<\/p>\n<p>Ba\u015fbakan Arnus merkezi gezdi ve \u0130leti\u015fim ve Teknoloji Bakan\u0131 \u0130yad el Hatib&#8217;in rehabilitasyon s\u00fcreciyle ilgili a\u00e7\u0131klamas\u0131n\u0131 dinledi.<\/p>\n<p>Arnus, Duma kentindeki 10 yatak, iki ameliyathane, bir ambulans ve acil servisten olu\u015fan acil durum hastanesinin rehabilitasyon \u00e7al\u0131\u015fmalar\u0131 hakk\u0131nda da bilgi ald\u0131.<\/p>\n<p>Arnus, hastanenin b\u00f6lge halk\u0131na acil servis hizmeti verecek \u015fekilde hizmete sunulmas\u0131 i\u00e7in gerekli ekipman ve kadronun sa\u011flanmas\u0131 i\u00e7in tamamlanmas\u0131n\u0131n h\u0131zland\u0131r\u0131lmas\u0131 gerekti\u011fine dikkat \u00e7ekti.<\/p>\n<p>\u0130leti\u015fim ve Teknoloji Bakan\u0131 Hatib ise, Duuma \u015fehrinin kurtar\u0131lmas\u0131n\u0131n ard\u0131ndan merkezde kalan ekipmanlar\u0131n g\u00f6zden ge\u00e7irildi\u011fini belirtirken, ter\u00f6r nedeniyle altyap\u0131ya b\u00fcy\u00fck zarar verildi\u011finin tespit edildi\u011fi yerlerde, merkezle ileti\u015fimi yeniden sa\u011flamak i\u00e7in yerel halkla i\u015fbirli\u011fi i\u00e7inde gerekli planlar\u0131n haz\u0131rland\u0131\u011f\u0131n\u0131 duyurdu.<\/p>\n<p>P.M.<\/p>\n","protected":false},"excerpt":{"rendered":"<p>\u015eAM KIRSALI \u2013 Ba\u015fbakan Hussein Arnus, bug\u00fcn \u015eam k\u0131rsal\u0131ndaki Duma telefon merkezini yerel halkla i\u015fbirli\u011fi i\u00e7inde iki bu\u00e7uk milyar Suriye liraya mal olacak \u015fekilde hizmete a\u00e7t\u0131. Ba\u015fbakan Arnus merkezi gezdi ve \u0130leti\u015fim ve Teknoloji Bakan\u0131 \u0130yad el Hatib&#8217;in rehabilitasyon s\u00fcreciyle ilgili a\u00e7\u0131klamas\u0131n\u0131 dinledi. Arnus, Duma kentindeki 10 yatak, iki ameliyathane, bir ambulans ve acil servisten &hellip;<\/p>\n","protected":false},"author":1,"featured_media":247979,"comment_status":"closed","ping_status":"closed","sticky":false,"template":"","format":"standard","meta":{"footnotes":""},"categories":[596,479,17988,478],"tags":[],"class_list":["post-247978","post","type-post","status-publish","format-standard","has-post-thumbnail","","category-fotografli-raporlar","category-haberler-yerel","category-son-haberler","category-yerel"],"_links":{"self":[{"href":"https:\/\/archive.sana.sy\/tr\/index.php?rest_route=\/wp\/v2\/posts\/247978","targetHints":{"allow":["GET"]}}],"collection":[{"href":"https:\/\/archive.sana.sy\/tr\/index.php?rest_route=\/wp\/v2\/posts"}],"about":[{"href":"https:\/\/archive.sana.sy\/tr\/index.php?rest_route=\/wp\/v2\/types\/post"}],"author":[{"embeddable":true,"href":"https:\/\/archive.sana.sy\/tr\/index.php?rest_route=\/wp\/v2\/users\/1"}],"replies":[{"embeddable":true,"href":"https:\/\/archive.sana.sy\/tr\/index.php?rest_route=%2Fwp%2Fv2%2Fcomments&post=247978"}],"version-history":[{"count":0,"href":"https:\/\/archive.sana.sy\/tr\/index.php?rest_route=\/wp\/v2\/posts\/247978\/revisions"}],"wp:featuredmedia":[{"embeddable":true,"href":"https:\/\/archive.sana.sy\/tr\/index.php?rest_route=\/wp\/v2\/media\/247979"}],"wp:attachment":[{"href":"https:\/\/archive.sana.sy\/tr\/index.php?rest_route=%2Fwp%2Fv2%2Fmedia&parent=247978"}],"wp:term":[{"taxonomy":"category","embeddable":true,"href":"https:\/\/archive.sana.sy\/tr\/index.php?rest_route=%2Fwp%2Fv2%2Fcategories&post=247978"},{"taxonomy":"post_tag","embeddable":true,"href":"https:\/\/archive.sana.sy\/tr\/index.php?rest_route=%2Fwp%2Fv2%2Ftags&post=247978"}],"curies":[{"name":"wp","href":"https:\/\/api.w.org\/{rel}","templated":true}]}}