{"id":247981,"date":"2022-01-03T23:23:09","date_gmt":"2022-01-03T21:23:09","guid":{"rendered":"http:\/\/107.6.182.27\/tr\/?p=247981"},"modified":"2022-01-06T08:34:54","modified_gmt":"2022-01-06T06:34:54","slug":"hasekedeki-alluk-su-istasyonu-normal-uretim-kapasitesine-dondu","status":"publish","type":"post","link":"https:\/\/archive.sana.sy\/tr\/?p=247981","title":{"rendered":"Haseke\u2019deki Alluk Su \u0130stasyonu Normal \u00dcretim Kapasitesine D\u00f6nd\u00fc"},"content":{"rendered":"<p>HASEKE \u2013 Haseke \u015fehrini ve ilin bat\u0131 k\u0131rsal\u0131n\u0131 besleyen Alluk su pompa istasyonu projesinin elektrik temini ger\u00e7e\u011fi, projenin i\u015fleyi\u015finin ve su \u00fcretiminin d\u00fczenli olmas\u0131na yol a\u00e7an istikrara tan\u0131k oldu.<\/p>\n<p>Haseke Su M\u00fcd\u00fcr\u00fc Anvar \u0130kle SANA\u2019ya yapt\u0131\u011f\u0131 a\u00e7\u0131klamada, Alluk istasyonunun, kuyular\u0131 ve yatay pompalar\u0131 \u00e7al\u0131\u015ft\u0131ran elektrik beslemesinin istikrar\u0131ndan sonra normal \u00fcretim kapasitesinde \u00e7al\u0131\u015ft\u0131\u011f\u0131n\u0131 ve bunun Haseke Kenti ve k\u0131rsal\u0131ndaki abonelere su pompalama ger\u00e7e\u011finin kararl\u0131l\u0131\u011f\u0131na yans\u0131d\u0131\u011f\u0131n\u0131 belirtti.<\/p>\n<p>P.M.<\/p>\n<p>&nbsp;<\/p>\n","protected":false},"excerpt":{"rendered":"<p>HASEKE \u2013 Haseke \u015fehrini ve ilin bat\u0131 k\u0131rsal\u0131n\u0131 besleyen Alluk su pompa istasyonu projesinin elektrik temini ger\u00e7e\u011fi, projenin i\u015fleyi\u015finin ve su \u00fcretiminin d\u00fczenli olmas\u0131na yol a\u00e7an istikrara tan\u0131k oldu. Haseke Su M\u00fcd\u00fcr\u00fc Anvar \u0130kle SANA\u2019ya yapt\u0131\u011f\u0131 a\u00e7\u0131klamada, Alluk istasyonunun, kuyular\u0131 ve yatay pompalar\u0131 \u00e7al\u0131\u015ft\u0131ran elektrik beslemesinin istikrar\u0131ndan sonra normal \u00fcretim kapasitesinde \u00e7al\u0131\u015ft\u0131\u011f\u0131n\u0131 ve bunun Haseke &hellip;<\/p>\n","protected":false},"author":1,"featured_media":247983,"comment_status":"closed","ping_status":"closed","sticky":false,"template":"","format":"standard","meta":{"footnotes":""},"categories":[479,17988,478],"tags":[],"class_list":["post-247981","post","type-post","status-publish","format-standard","has-post-thumbnail","","category-haberler-yerel","category-son-haberler","category-yerel"],"_links":{"self":[{"href":"https:\/\/archive.sana.sy\/tr\/index.php?rest_route=\/wp\/v2\/posts\/247981","targetHints":{"allow":["GET"]}}],"collection":[{"href":"https:\/\/archive.sana.sy\/tr\/index.php?rest_route=\/wp\/v2\/posts"}],"about":[{"href":"https:\/\/archive.sana.sy\/tr\/index.php?rest_route=\/wp\/v2\/types\/post"}],"author":[{"embeddable":true,"href":"https:\/\/archive.sana.sy\/tr\/index.php?rest_route=\/wp\/v2\/users\/1"}],"replies":[{"embeddable":true,"href":"https:\/\/archive.sana.sy\/tr\/index.php?rest_route=%2Fwp%2Fv2%2Fcomments&post=247981"}],"version-history":[{"count":0,"href":"https:\/\/archive.sana.sy\/tr\/index.php?rest_route=\/wp\/v2\/posts\/247981\/revisions"}],"wp:featuredmedia":[{"embeddable":true,"href":"https:\/\/archive.sana.sy\/tr\/index.php?rest_route=\/wp\/v2\/media\/247983"}],"wp:attachment":[{"href":"https:\/\/archive.sana.sy\/tr\/index.php?rest_route=%2Fwp%2Fv2%2Fmedia&parent=247981"}],"wp:term":[{"taxonomy":"category","embeddable":true,"href":"https:\/\/archive.sana.sy\/tr\/index.php?rest_route=%2Fwp%2Fv2%2Fcategories&post=247981"},{"taxonomy":"post_tag","embeddable":true,"href":"https:\/\/archive.sana.sy\/tr\/index.php?rest_route=%2Fwp%2Fv2%2Ftags&post=247981"}],"curies":[{"name":"wp","href":"https:\/\/api.w.org\/{rel}","templated":true}]}}