{"id":247990,"date":"2022-01-04T16:20:04","date_gmt":"2022-01-04T14:20:04","guid":{"rendered":"http:\/\/107.6.182.27\/tr\/?p=247990"},"modified":"2022-01-06T08:35:46","modified_gmt":"2022-01-06T06:35:46","slug":"grosbic-israilin-golandaki-isgal-planlari-uluslararasi-hukuk-ihlalidir","status":"publish","type":"post","link":"https:\/\/archive.sana.sy\/tr\/?p=247990","title":{"rendered":"Grosbi\u00e7: \u0130srail&#8217;in Golan&#8217;daki \u0130\u015fgal Planlar\u0131 Uluslararas\u0131 Hukuk \u0130hlalidir"},"content":{"rendered":"<p style=\"text-align: justify;\">PRAG &#8211; \u00c7ek, Moravya ve Selzko Sendika Kompleksi, \u0130srail i\u015fgal varl\u0131\u011f\u0131n\u0131n i\u015fgal edilen Suriyeli Golan&#8217;daki yeni yerle\u015fim planlar\u0131n\u0131 k\u0131nayarak, Golan&#8217;\u0131n Suriye&#8217;nin ayr\u0131lmaz bir par\u00e7as\u0131 oldu\u011funu ve dolay\u0131s\u0131yla i\u015fgalini ve \u015fimdi oradaki yerle\u015fimi geni\u015fletme e\u011filiminin \u201cUluslararas\u0131 hukuka y\u00f6nelik yeni bir a\u00e7\u0131k ihlali\u201d ve Suriye halk\u0131na y\u00f6nelik emperyalist politikan\u0131n bariz bir \u00f6rne\u011fini temsil etti\u011fini vurgulad\u0131.<\/p>\n<p style=\"text-align: justify;\">Kompleks Ba\u015fkan\u0131 Stanislav Grosbi\u00e7, bug\u00fcn Prag&#8217;da SANA muhabirine yapt\u0131\u011f\u0131 a\u00e7\u0131klamada, \u0130srail varl\u0131\u011f\u0131n\u0131n uluslararas\u0131 hukuku ihlal ederek Golan&#8217;\u0131 i\u015fgal etti\u011fini, Suriye topra\u011f\u0131 olmas\u0131na ra\u011fmen ilhak karar\u0131 \u00e7\u0131kard\u0131\u011f\u0131n\u0131 s\u00f6yleyerek, Birle\u015fmi\u015f Milletler ve d\u00fcnyan\u0131n \u00e7o\u011fu \u00fclkesi bu ilhak\u0131 ge\u00e7ersiz ve hukuka ayk\u0131r\u0131 bir karar olarak de\u011ferlendirdi\u011fine dikkat \u00e7ekti.<\/p>\n<p style=\"text-align: justify;\">Grosbi\u00e7, \u0130srail Ba\u015fbakan\u0131&#8217;n\u0131n Golan&#8217;daki yerle\u015fimlerin geni\u015fletilmesine ve Suriye topraklar\u0131na y\u00f6nelik sald\u0131r\u0131lar\u0131n devam etmesine ili\u015fkin son a\u00e7\u0131klamas\u0131n\u0131n, \u0130srail&#8217;in uluslararas\u0131 hukuku hi\u00e7e sayd\u0131\u011f\u0131n\u0131n ve b\u00f6lgede tansiyonu art\u0131rma aray\u0131\u015f\u0131n\u0131n boyutunu g\u00f6sterdi\u011fini belirterek, kal\u0131c\u0131 bar\u0131\u015f\u0131n sa\u011flanmas\u0131 gerekti\u011fini nihai bar\u0131\u015f\u0131n \u0130\u015fgal edilen Golan Suriye&#8217;ye iade edilmeden olmas\u0131n\u0131n m\u00fcmk\u00fcn olmad\u0131\u011f\u0131n\u0131 vurgulad\u0131.<\/p>\n","protected":false},"excerpt":{"rendered":"<p>PRAG &#8211; \u00c7ek, Moravya ve Selzko Sendika Kompleksi, \u0130srail i\u015fgal varl\u0131\u011f\u0131n\u0131n i\u015fgal edilen Suriyeli Golan&#8217;daki yeni yerle\u015fim planlar\u0131n\u0131 k\u0131nayarak, Golan&#8217;\u0131n Suriye&#8217;nin ayr\u0131lmaz bir par\u00e7as\u0131 oldu\u011funu ve dolay\u0131s\u0131yla i\u015fgalini ve \u015fimdi oradaki yerle\u015fimi geni\u015fletme e\u011filiminin \u201cUluslararas\u0131 hukuka y\u00f6nelik yeni bir a\u00e7\u0131k ihlali\u201d ve Suriye halk\u0131na y\u00f6nelik emperyalist politikan\u0131n bariz bir \u00f6rne\u011fini temsil etti\u011fini vurgulad\u0131. Kompleks Ba\u015fkan\u0131 &hellip;<\/p>\n","protected":false},"author":1,"featured_media":247991,"comment_status":"closed","ping_status":"closed","sticky":false,"template":"","format":"standard","meta":{"footnotes":""},"categories":[458,459,17988],"tags":[],"class_list":["post-247990","post","type-post","status-publish","format-standard","has-post-thumbnail","","category-dunya1","category-haberler-arap-uluslararasi-politika","category-son-haberler"],"_links":{"self":[{"href":"https:\/\/archive.sana.sy\/tr\/index.php?rest_route=\/wp\/v2\/posts\/247990","targetHints":{"allow":["GET"]}}],"collection":[{"href":"https:\/\/archive.sana.sy\/tr\/index.php?rest_route=\/wp\/v2\/posts"}],"about":[{"href":"https:\/\/archive.sana.sy\/tr\/index.php?rest_route=\/wp\/v2\/types\/post"}],"author":[{"embeddable":true,"href":"https:\/\/archive.sana.sy\/tr\/index.php?rest_route=\/wp\/v2\/users\/1"}],"replies":[{"embeddable":true,"href":"https:\/\/archive.sana.sy\/tr\/index.php?rest_route=%2Fwp%2Fv2%2Fcomments&post=247990"}],"version-history":[{"count":0,"href":"https:\/\/archive.sana.sy\/tr\/index.php?rest_route=\/wp\/v2\/posts\/247990\/revisions"}],"wp:featuredmedia":[{"embeddable":true,"href":"https:\/\/archive.sana.sy\/tr\/index.php?rest_route=\/wp\/v2\/media\/247991"}],"wp:attachment":[{"href":"https:\/\/archive.sana.sy\/tr\/index.php?rest_route=%2Fwp%2Fv2%2Fmedia&parent=247990"}],"wp:term":[{"taxonomy":"category","embeddable":true,"href":"https:\/\/archive.sana.sy\/tr\/index.php?rest_route=%2Fwp%2Fv2%2Fcategories&post=247990"},{"taxonomy":"post_tag","embeddable":true,"href":"https:\/\/archive.sana.sy\/tr\/index.php?rest_route=%2Fwp%2Fv2%2Ftags&post=247990"}],"curies":[{"name":"wp","href":"https:\/\/api.w.org\/{rel}","templated":true}]}}