{"id":247993,"date":"2022-01-04T16:22:05","date_gmt":"2022-01-04T14:22:05","guid":{"rendered":"http:\/\/107.6.182.27\/tr\/?p=247993"},"modified":"2022-01-06T08:35:58","modified_gmt":"2022-01-06T06:35:58","slug":"amerikan-isgal-gucleri-haseke-kirsalina-hava-indirme-operasyonu-duzenledi","status":"publish","type":"post","link":"https:\/\/archive.sana.sy\/tr\/?p=247993","title":{"rendered":"Amerikan \u0130\u015fgal G\u00fc\u00e7leri Haseke K\u0131rsal\u0131na Hava \u0130ndirme Operasyonu D\u00fczenledi"},"content":{"rendered":"<p style=\"text-align: justify;\">HASEKE &#8211; Amerikan i\u015fgal g\u00fc\u00e7leri bug\u00fcn sabah\u0131n ilk saatlerinde Haseke&#8217;nin g\u00fcney k\u0131rsal\u0131ndaki Al De\u015fi\u015fe k\u00f6y\u00fc \u00e7evresine g\u00fcvenlik kordonu \u00e7ekerek k\u00f6y dahilinde havadan ini\u015f yapt\u0131, ard\u0131ndan \u00e7ok say\u0131da eve bask\u0131n d\u00fczenledi.<\/p>\n<p style=\"text-align: justify;\">Yerel kaynaklar SANA muhabirine a\u00e7\u0131klamalar\u0131nda: &#8220;Amerikan i\u015fgal kuvvetleri, Haseke&#8217;nin g\u00fcney k\u0131rsal\u0131ndaki El De\u015fi\u015fe el Garbiyye k\u00f6y\u00fcne d\u00f6rt helikopter, bir \u0130HA ve bir kara kuvvetiyle onunla ba\u011flant\u0131l\u0131 DSG milislerinden silahl\u0131 adamlar e\u015fli\u011finde bir hava indirme operasyonu ger\u00e7ekle\u015ftirdi&#8221; dedi.<\/p>\n<p style=\"text-align: justify;\">Kaynaklar, i\u015fgal g\u00fc\u00e7lerinin ve DSG milislerinin s\u00f6z konusu b\u00f6lgeyi kordon alt\u0131na ald\u0131\u011f\u0131n\u0131 ve k\u00f6yde \u00e7ok say\u0131da eve bask\u0131n d\u00fczenleyerek kap\u0131lar\u0131n\u0131 k\u0131rd\u0131klar\u0131n\u0131, muhtevalar\u0131n\u0131 kurcalayarak b\u00f6lge sakinleri aras\u0131nda panik ve ter\u00f6re yol a\u00e7t\u0131\u011f\u0131n\u0131 belirtti.<\/p>\n","protected":false},"excerpt":{"rendered":"<p>HASEKE &#8211; Amerikan i\u015fgal g\u00fc\u00e7leri bug\u00fcn sabah\u0131n ilk saatlerinde Haseke&#8217;nin g\u00fcney k\u0131rsal\u0131ndaki Al De\u015fi\u015fe k\u00f6y\u00fc \u00e7evresine g\u00fcvenlik kordonu \u00e7ekerek k\u00f6y dahilinde havadan ini\u015f yapt\u0131, ard\u0131ndan \u00e7ok say\u0131da eve bask\u0131n d\u00fczenledi. Yerel kaynaklar SANA muhabirine a\u00e7\u0131klamalar\u0131nda: &#8220;Amerikan i\u015fgal kuvvetleri, Haseke&#8217;nin g\u00fcney k\u0131rsal\u0131ndaki El De\u015fi\u015fe el Garbiyye k\u00f6y\u00fcne d\u00f6rt helikopter, bir \u0130HA ve bir kara kuvvetiyle onunla &hellip;<\/p>\n","protected":false},"author":1,"featured_media":247994,"comment_status":"closed","ping_status":"closed","sticky":false,"template":"","format":"standard","meta":{"footnotes":""},"categories":[479,575,17988,478],"tags":[],"class_list":["post-247993","post","type-post","status-publish","format-standard","has-post-thumbnail","","category-haberler-yerel","category-olaylar-ve-gercekler","category-son-haberler","category-yerel"],"_links":{"self":[{"href":"https:\/\/archive.sana.sy\/tr\/index.php?rest_route=\/wp\/v2\/posts\/247993","targetHints":{"allow":["GET"]}}],"collection":[{"href":"https:\/\/archive.sana.sy\/tr\/index.php?rest_route=\/wp\/v2\/posts"}],"about":[{"href":"https:\/\/archive.sana.sy\/tr\/index.php?rest_route=\/wp\/v2\/types\/post"}],"author":[{"embeddable":true,"href":"https:\/\/archive.sana.sy\/tr\/index.php?rest_route=\/wp\/v2\/users\/1"}],"replies":[{"embeddable":true,"href":"https:\/\/archive.sana.sy\/tr\/index.php?rest_route=%2Fwp%2Fv2%2Fcomments&post=247993"}],"version-history":[{"count":0,"href":"https:\/\/archive.sana.sy\/tr\/index.php?rest_route=\/wp\/v2\/posts\/247993\/revisions"}],"wp:featuredmedia":[{"embeddable":true,"href":"https:\/\/archive.sana.sy\/tr\/index.php?rest_route=\/wp\/v2\/media\/247994"}],"wp:attachment":[{"href":"https:\/\/archive.sana.sy\/tr\/index.php?rest_route=%2Fwp%2Fv2%2Fmedia&parent=247993"}],"wp:term":[{"taxonomy":"category","embeddable":true,"href":"https:\/\/archive.sana.sy\/tr\/index.php?rest_route=%2Fwp%2Fv2%2Fcategories&post=247993"},{"taxonomy":"post_tag","embeddable":true,"href":"https:\/\/archive.sana.sy\/tr\/index.php?rest_route=%2Fwp%2Fv2%2Ftags&post=247993"}],"curies":[{"name":"wp","href":"https:\/\/api.w.org\/{rel}","templated":true}]}}