{"id":247999,"date":"2022-01-04T16:37:25","date_gmt":"2022-01-04T14:37:25","guid":{"rendered":"http:\/\/107.6.182.27\/tr\/?p=247999"},"modified":"2022-01-06T08:36:19","modified_gmt":"2022-01-06T06:36:19","slug":"deyrezzorlulara-ozel-durum-duzeltme-eylemi-el-sumayta-belde-merkezinde-basladi","status":"publish","type":"post","link":"https:\/\/archive.sana.sy\/tr\/?p=247999","title":{"rendered":"Deyrezzorlulara \u00d6zel Durum D\u00fczeltme Eylemi El \u015eumayta Belde Merkezinde Ba\u015flad\u0131"},"content":{"rendered":"<p style=\"text-align: justify;\">DEYREZZOR \u2013 Yetkili cihetlerin Deyrezzor iline ba\u011fl\u0131 evlatlar\u0131na \u00f6zel kapsaml\u0131 d\u00fczenleme eyleminin d\u00fcrd\u00fcr\u00fclmesi \u00e7er\u00e7evesinde Deyrezzor bat\u0131 k\u0131rsal\u0131ndaki el \u015eumayta Beldesi merkezindeki durum d\u00fczenleme eylemi bug\u00fcn ba\u015flad\u0131.<\/p>\n<p style=\"text-align: justify;\">El Meyadin Kentinde deyrezzor ili evlatlar\u0131na \u00f6zel durum d\u00fczenleme eylemi d\u00fcn sona ermi\u015fti.<\/p>\n","protected":false},"excerpt":{"rendered":"<p>DEYREZZOR \u2013 Yetkili cihetlerin Deyrezzor iline ba\u011fl\u0131 evlatlar\u0131na \u00f6zel kapsaml\u0131 d\u00fczenleme eyleminin d\u00fcrd\u00fcr\u00fclmesi \u00e7er\u00e7evesinde Deyrezzor bat\u0131 k\u0131rsal\u0131ndaki el \u015eumayta Beldesi merkezindeki durum d\u00fczenleme eylemi bug\u00fcn ba\u015flad\u0131. El Meyadin Kentinde deyrezzor ili evlatlar\u0131na \u00f6zel durum d\u00fczenleme eylemi d\u00fcn sona ermi\u015fti.<\/p>\n","protected":false},"author":1,"featured_media":248000,"comment_status":"closed","ping_status":"closed","sticky":false,"template":"","format":"standard","meta":{"footnotes":""},"categories":[479,17988,478],"tags":[],"class_list":["post-247999","post","type-post","status-publish","format-standard","has-post-thumbnail","","category-haberler-yerel","category-son-haberler","category-yerel"],"_links":{"self":[{"href":"https:\/\/archive.sana.sy\/tr\/index.php?rest_route=\/wp\/v2\/posts\/247999","targetHints":{"allow":["GET"]}}],"collection":[{"href":"https:\/\/archive.sana.sy\/tr\/index.php?rest_route=\/wp\/v2\/posts"}],"about":[{"href":"https:\/\/archive.sana.sy\/tr\/index.php?rest_route=\/wp\/v2\/types\/post"}],"author":[{"embeddable":true,"href":"https:\/\/archive.sana.sy\/tr\/index.php?rest_route=\/wp\/v2\/users\/1"}],"replies":[{"embeddable":true,"href":"https:\/\/archive.sana.sy\/tr\/index.php?rest_route=%2Fwp%2Fv2%2Fcomments&post=247999"}],"version-history":[{"count":0,"href":"https:\/\/archive.sana.sy\/tr\/index.php?rest_route=\/wp\/v2\/posts\/247999\/revisions"}],"wp:featuredmedia":[{"embeddable":true,"href":"https:\/\/archive.sana.sy\/tr\/index.php?rest_route=\/wp\/v2\/media\/248000"}],"wp:attachment":[{"href":"https:\/\/archive.sana.sy\/tr\/index.php?rest_route=%2Fwp%2Fv2%2Fmedia&parent=247999"}],"wp:term":[{"taxonomy":"category","embeddable":true,"href":"https:\/\/archive.sana.sy\/tr\/index.php?rest_route=%2Fwp%2Fv2%2Fcategories&post=247999"},{"taxonomy":"post_tag","embeddable":true,"href":"https:\/\/archive.sana.sy\/tr\/index.php?rest_route=%2Fwp%2Fv2%2Ftags&post=247999"}],"curies":[{"name":"wp","href":"https:\/\/api.w.org\/{rel}","templated":true}]}}