{"id":248002,"date":"2022-01-03T16:48:05","date_gmt":"2022-01-03T14:48:05","guid":{"rendered":"http:\/\/107.6.182.27\/tr\/?p=248002"},"modified":"2022-01-06T08:34:37","modified_gmt":"2022-01-06T06:34:37","slug":"seyyid-nasrullah-abd-suriye-halkina-karsi-gunluk-suclari-uygulamaya-devam-ediyor","status":"publish","type":"post","link":"https:\/\/archive.sana.sy\/tr\/?p=248002","title":{"rendered":"Seyyid Nasrullah: ABD, Suriye halk\u0131na kar\u015f\u0131 g\u00fcnl\u00fck su\u00e7lar\u0131 uygulamaya devam ediyor"},"content":{"rendered":"<p style=\"text-align: justify;\">BEYRUT &#8211; Hizbullah Genel Sekreteri Seyyid Hasan Nasrullah, Suriye&#8217;ye y\u00f6nelik k\u00fcresel ter\u00f6r sava\u015f\u0131n\u0131 y\u00f6netenin Amerika Birle\u015fik Devletleri oldu\u011funu, di\u011fer komplo \u00fclkelerinin ise Suriye&#8217;ye kar\u015f\u0131 sava\u015fmak i\u00e7in sadece ellerinde birer ara\u00e7 oldu\u011funu vurgulayarak, Amerikan g\u00fc\u00e7lerinin kaderinin, hezimete u\u011fram\u0131\u015f olarak b\u00f6lgeyi terk etmek oldu\u011funu vurgulad\u0131.<\/p>\n<p style=\"text-align: justify;\">\u0130ran Devrim Muhaf\u0131zlar\u0131 Kud\u00fcs G\u00fcc\u00fc eski komutan\u0131 Korgeneral Kas\u0131m S\u00fcleymani ve Irakl\u0131 Ha\u015fdi \u015eabi G\u00fc\u00e7leri Ba\u015fkan Yard\u0131mc\u0131s\u0131 Ebu Mehdi El M\u00fchendis&#8217;in \u015fehadetlerinin ikinci y\u0131ld\u00f6n\u00fcm\u00fc vesilesiyle d\u00fcn yapt\u0131\u011f\u0131 konu\u015fmada Seyyid Nasrullah, ABD y\u00f6netiminin tek tarafl\u0131 zorlay\u0131c\u0131 \u00f6nlemlerle Suriye halk\u0131na kar\u015f\u0131 g\u00fcnl\u00fck su\u00e7lar\u0131 uygulamaya devam etti\u011fini s\u00f6zde \u201cSezar Yasas\u0131\u201dn\u0131n da yat\u0131r\u0131mc\u0131lar\u0131n Suriye&#8217;ye gelmesini engelledi\u011fine dikkat \u00e7ekti.<\/p>\n<p style=\"text-align: justify;\">Nasrullah, petrol kuyular\u0131 ve u\u00e7suz bucaks\u0131z ovalar\u0131yla \u00fclkenin do\u011fusundaki Suriye topraklar\u0131n\u0131n \u00f6nemli bir b\u00f6l\u00fcm\u00fcn\u00fc halen g\u00fc\u00e7leri taraf\u0131ndan i\u015fgal eden Amerika&#8217;n\u0131n, &#8220;\u0130srail&#8221;in en b\u00fcy\u00fck koruyucusu oldu\u011funu ve b\u00f6lgedeki t\u00fcm su\u00e7lardan sorumlu oldu\u011funu \u00e7\u00fcnk\u00fc bu gasp\u00e7\u0131 varl\u0131kla ili\u015fkiler normalle\u015ftirmek i\u00e7in d\u00fcnyaya dayatmalar yapt\u0131\u011f\u0131n\u0131 bununla da onu finanse etti\u011fini, destekledi\u011fini, silahland\u0131rd\u0131\u011f\u0131n\u0131 ve korudu\u011funu vurgulad\u0131.<\/p>\n<p style=\"text-align: justify;\">Nasrullah, Amerika&#8217;n\u0131n Irak, Suriye ve b\u00f6lgede ter\u00f6r \u00f6rg\u00fct\u00fc &#8220;I\u015e\u0130D&#8221;i eski Ba\u015fkan Donald Trump, D\u0131\u015fi\u015fleri Bakan\u0131 Mike Pompeo ve ABD&#8217;deki \u00fcst d\u00fczey askeri liderlerin itiraflar\u0131yla, g\u00fc\u00e7lerini b\u00f6lgede yeniden konu\u015fland\u0131rmak hedefiyle ter\u00f6r \u00f6rg\u00fct\u00fc &#8216;I\u015e\u0130D&#8217;i yaratt\u0131\u011f\u0131na dikkat \u00e7ekti.<\/p>\n<p style=\"text-align: justify;\">Seyyid Nasrullah, iki lider S\u00fcleymani ve El M\u00fchendis&#8217;in suikastle \u00f6ld\u00fcr\u00fclmelerinin yeni bir fark\u0131ndal\u0131k, i\u00e7g\u00f6r\u00fc, ana d\u00fc\u015fman ve \u00e7at\u0131\u015fma bilgisi a\u015famas\u0131 olu\u015fturdu\u011funu de\u011ferlendirerek, bu su\u00e7u emreden ve ger\u00e7ekle\u015ftirenlerin cezaland\u0131r\u0131laca\u011f\u0131n\u0131 vurgulad\u0131.<\/p>\n<p style=\"text-align: justify;\">Nasrullah, Tekfirci ter\u00f6rizmin kayna\u011f\u0131 olan Suudi rejiminin, b\u00f6lgeyi istikrars\u0131zla\u015ft\u0131rmada kilit bir ortak oldu\u011funu yineleyerek, binlerce Tekfirci Suudi&#8217;yi Vehhabi ter\u00f6r ideolojisini yaymak i\u00e7in Suriye, Irak ve Yemen&#8217;e g\u00f6nderdi\u011fine i\u015faret etti.<\/p>\n<p style=\"text-align: justify;\">L\u00fcbnan meselesiyle ilgili olarak da Seyyid Hasan Nasrullah, L\u00fcbnanl\u0131 taraflar aras\u0131nda ulusal \u00e7\u0131karlara hizmet etmek i\u00e7in diyalogun \u00f6nemini vurgulad\u0131.<\/p>\n","protected":false},"excerpt":{"rendered":"<p>BEYRUT &#8211; Hizbullah Genel Sekreteri Seyyid Hasan Nasrullah, Suriye&#8217;ye y\u00f6nelik k\u00fcresel ter\u00f6r sava\u015f\u0131n\u0131 y\u00f6netenin Amerika Birle\u015fik Devletleri oldu\u011funu, di\u011fer komplo \u00fclkelerinin ise Suriye&#8217;ye kar\u015f\u0131 sava\u015fmak i\u00e7in sadece ellerinde birer ara\u00e7 oldu\u011funu vurgulayarak, Amerikan g\u00fc\u00e7lerinin kaderinin, hezimete u\u011fram\u0131\u015f olarak b\u00f6lgeyi terk etmek oldu\u011funu vurgulad\u0131. \u0130ran Devrim Muhaf\u0131zlar\u0131 Kud\u00fcs G\u00fcc\u00fc eski komutan\u0131 Korgeneral Kas\u0131m S\u00fcleymani ve Irakl\u0131 &hellip;<\/p>\n","protected":false},"author":1,"featured_media":248003,"comment_status":"closed","ping_status":"closed","sticky":false,"template":"","format":"standard","meta":{"footnotes":""},"categories":[458,459,17988],"tags":[],"class_list":["post-248002","post","type-post","status-publish","format-standard","has-post-thumbnail","","category-dunya1","category-haberler-arap-uluslararasi-politika","category-son-haberler"],"_links":{"self":[{"href":"https:\/\/archive.sana.sy\/tr\/index.php?rest_route=\/wp\/v2\/posts\/248002","targetHints":{"allow":["GET"]}}],"collection":[{"href":"https:\/\/archive.sana.sy\/tr\/index.php?rest_route=\/wp\/v2\/posts"}],"about":[{"href":"https:\/\/archive.sana.sy\/tr\/index.php?rest_route=\/wp\/v2\/types\/post"}],"author":[{"embeddable":true,"href":"https:\/\/archive.sana.sy\/tr\/index.php?rest_route=\/wp\/v2\/users\/1"}],"replies":[{"embeddable":true,"href":"https:\/\/archive.sana.sy\/tr\/index.php?rest_route=%2Fwp%2Fv2%2Fcomments&post=248002"}],"version-history":[{"count":0,"href":"https:\/\/archive.sana.sy\/tr\/index.php?rest_route=\/wp\/v2\/posts\/248002\/revisions"}],"wp:featuredmedia":[{"embeddable":true,"href":"https:\/\/archive.sana.sy\/tr\/index.php?rest_route=\/wp\/v2\/media\/248003"}],"wp:attachment":[{"href":"https:\/\/archive.sana.sy\/tr\/index.php?rest_route=%2Fwp%2Fv2%2Fmedia&parent=248002"}],"wp:term":[{"taxonomy":"category","embeddable":true,"href":"https:\/\/archive.sana.sy\/tr\/index.php?rest_route=%2Fwp%2Fv2%2Fcategories&post=248002"},{"taxonomy":"post_tag","embeddable":true,"href":"https:\/\/archive.sana.sy\/tr\/index.php?rest_route=%2Fwp%2Fv2%2Ftags&post=248002"}],"curies":[{"name":"wp","href":"https:\/\/api.w.org\/{rel}","templated":true}]}}